{"id":41934,"date":"2021-09-16T22:06:02","date_gmt":"2021-09-17T01:06:02","guid":{"rendered":"https:\/\/vocesparalelas.com.ar\/sitio\/?p=41934"},"modified":"2021-09-18T12:44:04","modified_gmt":"2021-09-18T15:44:04","slug":"semana-de-las-juventudes-en-san-juan","status":"publish","type":"post","link":"https:\/\/vocesparalelas.com.ar\/sitio\/semana-de-las-juventudes-en-san-juan\/","title":{"rendered":"Semana de las Juventudes en San Juan"},"content":{"rendered":"<p>La Semana de las Juventudes ya es una realidad. El Gobierno de San Juan dio por iniciadas las actividades para celebrar a este rango etario. Las mismas incluyen competencias, ciclo de capacitaciones y charlas, as\u00ed como tambi\u00e9n, un sector de entretenimiento donde se presentan artistas locales.<\/p>\n<p>Se trata de una acci\u00f3n p\u00fablica sin precedentes, en la que se prioriza la posibilidad de brindar herramientas de conocimiento a los j\u00f3venes de todos los departamentos, junto con espacios para debate, diversi\u00f3n y expresiones art\u00edsticas, abarcando una gran variedad de tem\u00e1ticas con el fin de involucrar a todos los sectores de este rango etario.<\/p>\n<p>Precisamente, uno de los puntos centrales ser\u00e1 el Fan Fest el cual se encuentra ubicado en los Jardines del Auditorio Juan Victoria, escenario elegido para el lanzamiento de la Semana de las Juventudes, encabezada por el ministro de Desarrollo Humano y Promoci\u00f3n Social, Fabian Aballay.<\/p>\n<p>Acompa\u00f1aron al titular de la cartera social, la ministro de Turismo y Cultura, Lic. Claudia Grynszpan; el secretario de Promoci\u00f3n Social, Lucio Gonz\u00e1lez; el subsecretario de Promoci\u00f3n, Protecci\u00f3n y Desarrollo Social, Marcos Andino; el subsecretario Administrativo Financiero, Federico Barcel\u00f3; el subsecretario de Asistencia Social, Sergio Sep\u00falveda; el subsecretario de Articulaci\u00f3n y Abordaje Comunitario, Cristian Morales; el director de las Juventudes, Emiliano Paradiso; el director de Ni\u00f1ez, Adolescencia y Familia, Carlos Olivera; la directora y sub directora de Abordaje Integral de las Adicciones, Natalia Vives y Mar\u00eda Jos\u00e9 Gallardo.<\/p>\n<p>Al respecto, el ministro de Desarrollo Humano y Promoci\u00f3n Social, Prof. Fabian Aballay expres\u00f3 \u201ces una jornada espl\u00e9ndida en donde estamos cumpliendo con uno de los pedidos del Gobernador, para que pudi\u00e9ramos desarrollar un gran evento para las juventudes de la provincia como as\u00ed lo merecen. Va a ser una semana de mucha interacci\u00f3n, mucho trabajo y una fiesta fant\u00e1stica\u201d.<\/p>\n<p>A su vez, la ministro de Turismo y Cultura, Lic. Claudia Grynszpan agreg\u00f3 \u201cacompa\u00f1amos este gran trabajo que hace Desarrollo Humano y que tiene que ver con la integraci\u00f3n de la cultura, el deporte, la tecnolog\u00eda y todas las expresiones juntas en un mismo lugar. Felicitamos a las juventudes que en definitiva son la fuerza que genera las grandes transformaciones en las sociedades\u201d.<\/p>\n<p>Por \u00faltimo, el director de las Juventudes, Emiliano Paradiso cont\u00f3 \u201cesto se trata de una decisi\u00f3n pol\u00edtica que surge desde el Gobernador, de poder brindar herramientas de conocimiento, espacios de expresi\u00f3n art\u00edstica, competencias y una gran cantidad de alternativas para las juventudes. Es una apuesta muy grande por parte del Gobierno de San Juan\u201d.<\/p>\n<p>\u201cLa Semana de las Juventudes est\u00e1 dividida en dos ejes centrales: recreaci\u00f3n, cuidado y formaci\u00f3n, con m\u00e1s de 20 expositores y cerca de 200 artistas en escenario. Es importante entender que si nos cuidamos entre todos vamos a poder seguir avanzando que es recuperar la normalidad a la que est\u00e1bamos acostumbrados\u201d, cerr\u00f3 Paradiso.<\/p>\n<p>Es importante destacar que, tanto la celebraci\u00f3n del 21 de Septiembre, como el resto de las actividades previstas, ser\u00e1n con p\u00fablico presencial. Esto responde al gran avance de la presente campa\u00f1a de vacunaci\u00f3n y al status sanitario alcanzado por la provincia. Igualmente, cada evento contar\u00e1 con un estricto protocolo sanitario de control con el fin de preservar la integridad de todos los participantes.<\/p>\n<p>El cierre el 21 de Septiembre con la Fiesta Bresh en el Circuito San Juan Villicum.<\/p>\n<p>&nbsp;<\/p>\n","protected":false},"excerpt":{"rendered":"<p>La Semana de las Juventudes ya es una realidad. El Gobierno de San Juan dio por iniciadas las actividades para<\/p>\n","protected":false},"author":3,"featured_media":41937,"comment_status":"closed","ping_status":"closed","sticky":false,"template":"","format":"standard","meta":{"_acf_changed":false,"_seopress_robots_primary_cat":"none","_seopress_titles_title":"","_seopress_titles_desc":"","_seopress_robots_index":"","colormag_page_container_layout":"default_layout","colormag_page_sidebar_layout":"default_layout","footnotes":""},"categories":[20],"tags":[],"class_list":["post-41934","post","type-post","status-publish","format-standard","has-post-thumbnail","hentry","category-cartelera"],"acf":[],"_links":{"self":[{"href":"https:\/\/vocesparalelas.com.ar\/sitio\/wp-json\/wp\/v2\/posts\/41934","targetHints":{"allow":["GET"]}}],"collection":[{"href":"https:\/\/vocesparalelas.com.ar\/sitio\/wp-json\/wp\/v2\/posts"}],"about":[{"href":"https:\/\/vocesparalelas.com.ar\/sitio\/wp-json\/wp\/v2\/types\/post"}],"author":[{"embeddable":true,"href":"https:\/\/vocesparalelas.com.ar\/sitio\/wp-json\/wp\/v2\/users\/3"}],"replies":[{"embeddable":true,"href":"https:\/\/vocesparalelas.com.ar\/sitio\/wp-json\/wp\/v2\/comments?post=41934"}],"version-history":[{"count":1,"href":"https:\/\/vocesparalelas.com.ar\/sitio\/wp-json\/wp\/v2\/posts\/41934\/revisions"}],"predecessor-version":[{"id":41938,"href":"https:\/\/vocesparalelas.com.ar\/sitio\/wp-json\/wp\/v2\/posts\/41934\/revisions\/41938"}],"wp:featuredmedia":[{"embeddable":true,"href":"https:\/\/vocesparalelas.com.ar\/sitio\/wp-json\/wp\/v2\/media\/41937"}],"wp:attachment":[{"href":"https:\/\/vocesparalelas.com.ar\/sitio\/wp-json\/wp\/v2\/media?parent=41934"}],"wp:term":[{"taxonomy":"category","embeddable":true,"href":"https:\/\/vocesparalelas.com.ar\/sitio\/wp-json\/wp\/v2\/categories?post=41934"},{"taxonomy":"post_tag","embeddable":true,"href":"https:\/\/vocesparalelas.com.ar\/sitio\/wp-json\/wp\/v2\/tags?post=41934"}],"curies":[{"name":"wp","href":"https:\/\/api.w.org\/{rel}","templated":true}]}}