{"id":41921,"date":"2021-09-16T19:00:09","date_gmt":"2021-09-16T22:00:09","guid":{"rendered":"https:\/\/vocesparalelas.com.ar\/sitio\/?p=41921"},"modified":"2021-09-16T19:00:09","modified_gmt":"2021-09-16T22:00:09","slug":"entregaron-el-premio-jovenes-presente-jovenes-futuro-en-san-juan","status":"publish","type":"post","link":"https:\/\/vocesparalelas.com.ar\/sitio\/entregaron-el-premio-jovenes-presente-jovenes-futuro-en-san-juan\/","title":{"rendered":"Entregaron el premio \u201cJ\u00f3venes Presente, J\u00f3venes Futuro\u201d en San Juan"},"content":{"rendered":"<div class=\"itemFullText jbintrotext\">\n<p>En el marco del D\u00eda Nacional de la Juventud, el vicegobernador y presidente nato de la C\u00e1mara de Diputados de San Juan, CPN Roberto Gattoni, presidi\u00f3 el Jueves, 16 de Septiembre, en la Legislatura provincial, la entrega del premio \u201cJ\u00f3venes Presente, J\u00f3venes Futuro\u201d otorgado a cinco j\u00f3venes, que poseen entre 16 y 30 a\u00f1os de edad, oriundos de San Juan y que tienen destacada actuaci\u00f3n y compromiso con la democracia, los derechos humanos y la solidaridad.<\/p>\n<\/div>\n<div class=\"itemFullText\">\n<p>Particip\u00f3 el secretario Legislativo, Dr. Nicol\u00e1s Alvo; el secretario Administrativo, Lic. Roberto Iglesias; la diputada Dra. Celina Ramella; los legisladores Gustavo Rodr\u00edguez, Rodolfo Jalife, Mario Romero, Gast\u00f3n Berenguer y Horacio Quiroga. Tambi\u00e9n asisti\u00f3 la subsecretaria de Derechos Humanos, Clarisa Botto; el titular de la Direcci\u00f3n de Promoci\u00f3n y Protecci\u00f3n de Derechos Humanos, Carlos Goya; los cinco j\u00f3venes distinguidos: Emilce Moragues, Federico Arancibia, Franco Coralli, Nicol\u00e1s Loncardi y Lara S\u00e1nchez.<\/p>\n<p>Por ello, el vicegobernador, CPN Roberto Gattoni sostuvo que \u201clo que hacen y representan estos cinco j\u00f3venes habla por s\u00ed solo. Si bien la Ley 1650-P nos lleva a otorgar distinciones a j\u00f3venes comprometidos con la democracia, derechos humanos y solidaridad, creo que estos tres valores est\u00e1n sobradamente representados por los cincos j\u00f3venes que hoy han recibidos la distinci\u00f3n. El a\u00f1o pasado nos focalizamos en j\u00f3venes comprometidos con la lucha contra el COVID-19 y tuvieron que ver con enfermeros, agentes sanitarios, personal policial, de asistencia social. Y este a\u00f1o pensamos exitosos, porque tienen el \u00e9xito de haber trascendido en la vida. No es un \u00e9xito comercial, marketinero. Ellos son exitosos en su vida y conmueve lo que ellos hacen, y les insto a que sigan siendo el ejemplo de sociedad que queremos: inclusi\u00f3n, solidaridad, igualdad de oportunidades para todos. Ac\u00e1 est\u00e1 el futuro de nuestra sociedad, los valores y todo lo que ellos representan\u201d.<\/p>\n<p>A continuaci\u00f3n, Nicol\u00e1s Loncardi y Lara S\u00e1nchez pronunciaron unas palabras de agradecimiento en representaci\u00f3n de todos los distinguidos.<\/p>\n<p>\u201cMuch\u00edsimas gracias. Me siento muy orgulloso no tan solo yo sino seguramente mis compa\u00f1eros y compa\u00f1eras que hoy nos estamos conociendo. Reci\u00e9n escuchaba hablar sobre esa llama y como emprendedor y militante siento que a veces la llama intenta apagarse. Estas acciones de reconocer y honrar hacen que explote, encienda y de muchas fuerzas para seguir trabajando con toda la comunidad\u201d expres\u00f3 Nicol\u00e1s Loncardi.<\/p>\n<p>Por otro lado, Lara S\u00e1nchez manifest\u00f3 \u201cme siento muy feliz por esta distinci\u00f3n, sinceramente fue algo inesperado. Agradezco al gobierno provincial y departamental por ayudarme para seguir adelante con el deporte que es lo m\u00e1s bonito que nos pone la vida\u201d.<\/p>\n<p>Este premio \u201cJ\u00f3venes Presente, J\u00f3venes Futuro\u201d fue instituido por la Ley Provincial N\u00ba 1650-P, que en su art\u00edculo primero estipula que la distinci\u00f3n est\u00e1 destinada a los j\u00f3venes de la provincia de San Juan que se destacan por su compromiso con la democracia, los derechos humanos y la solidaridad.<\/p>\n<p>Por otra parte, en el art\u00edculo segundo alude que la distinci\u00f3n es de naturaleza simb\u00f3lica y es otorgada por la C\u00e1mara de Diputados de San Juan el d\u00eda 16 de septiembre de cada a\u00f1o, en el marco del D\u00eda Nacional de la Juventud.<\/p>\n<p>El art\u00edculo tercero de la citada norma detalla las condiciones para poder recibirlo y entre ellas figuran las de tener diecis\u00e9is a\u00f1os como m\u00ednimo y treinta a\u00f1os de edad como m\u00e1ximo; ser ciudadano nativo de San Juan o tener m\u00e1s de tres a\u00f1os de residencia inmediata y continua y participar en acciones que tengan por finalidad el bien com\u00fan de la sociedad y fomenten el respeto a los derechos humanos.<\/p>\n<p>El art\u00edculo cuarto de la ley hace alusi\u00f3n al alcance que determina que en forma anual solo pueden otorgarse un m\u00e1ximo de cinco distinciones, a quienes, a trav\u00e9s de sus acciones, demuestran compromiso con la democracia, con los derechos humanos y la solidaridad. El art\u00edculo quinto es de forma.<\/p>\n<p><span style=\"color: #800080;\"><strong>Los distinguidos del a\u00f1o 2021<\/strong><\/span><\/p>\n<p><span style=\"color: #800080;\"><strong>Emilce Moragues<\/strong><\/span><\/p>\n<p>Esta joven, de 29 a\u00f1os, es periodista de Radio Nacional San Juan. Asimismo, es militante por los derechos de las personas con discapacidad, en lucha por la apertura de espacios donde la discapacidad sea una tem\u00e1tica transversal. En su infancia, Emilce sufri\u00f3 par\u00e1lisis cerebral y su existencia es una carrera permanente de superaci\u00f3n y ejemplo de voluntad en la b\u00fasqueda de sus objetivos.<\/p>\n<p><span style=\"color: #800080;\"><strong>Federico Arancibia<\/strong><\/span><\/p>\n<p>Este artista pl\u00e1stico de 21 a\u00f1os est\u00e1 comprometido con la comunidad del departamento 25 de Mayo y en este sentido aporta en forma solidaria sus creaciones art\u00edsticas como un servicio a la comunidad donde reside, en las que otorga relieve a la revalorizaci\u00f3n de la tradici\u00f3n y los costumbrismos de su pueblo. En la actualidad, Federico cursa el 2\u00ba a\u00f1o del Profesorado de Artes Visuales en la Universidad Nacional de San Juan (UNSJ) y fue postulado hace muy poco a la Menci\u00f3n de Honor Maestro Mario P\u00e9rez.<\/p>\n<p><span style=\"color: #800080;\"><strong>Franco Coralli<\/strong><\/span><\/p>\n<p>Con una formaci\u00f3n como Contador P\u00fablico Nacional, este joven de veintinueve a\u00f1os es el actual presidente de la comisi\u00f3n de j\u00f3venes del Consejo Profesional de Ciencias Econ\u00f3micas y por otro lado, encabeza un grupo profesionales j\u00f3venes que en forma anual realizan campa\u00f1as solidarias de asistencia a ni\u00f1os y ancianos en escuelas y merenderos de distintos departamentos sanjuaninos. Por otra parte, brindan tanto capacitaci\u00f3n como asesoramiento gratuito a emprendedores de la econom\u00eda social en lo relacionado con el monotributo, facturaci\u00f3n y medios de pago por medios electr\u00f3nicos.<\/p>\n<p><span style=\"color: #800080;\"><strong>Nicol\u00e1s Loncardi<\/strong><\/span><\/p>\n<p>Es promotor de prevenci\u00f3n combinada en el consultorio de diversidad que est\u00e1 ubicado en el Centro de Salud Ren\u00e9 Favaloro, ubicado en el departamento Rawson.<\/p>\n<p>Este militante de 23 a\u00f1os forma parte del equipo de Diversidad y desde el a\u00f1o 2017 integra la agrupaci\u00f3n J\u00f3venes Positivos.<\/p>\n<p><span style=\"color: #800080;\"><strong>Lara S\u00e1nchez<\/strong><\/span><\/p>\n<p>La atleta especializada en salto triple, vive en el departamento Caucete y cuenta con s\u00f3lo 16 a\u00f1os. Es considerada la mejor atleta juvenil en su especialidad y categor\u00eda de la Regi\u00f3n Cuyo. Hace muy poco tiempo super\u00f3 cuatro veces su propia marca y registr\u00f3 una destacada actuaci\u00f3n en el 54\u00ba Campeonato Argentino de Atletismo.<\/p>\n<\/div>\n<p>&nbsp;<\/p>\n<p><iframe loading=\"lazy\" title=\"2021-09-16 Otorgaron Distinci\u00f3n &quot;J\u00f3venes Presentes, J\u00f3venes Futuro&quot;\" width=\"800\" height=\"450\" src=\"https:\/\/www.youtube.com\/embed\/8Ay7OJfLysE?feature=oembed\" frameborder=\"0\" allow=\"accelerometer; autoplay; clipboard-write; encrypted-media; gyroscope; picture-in-picture\" allowfullscreen><\/iframe><\/p>\n","protected":false},"excerpt":{"rendered":"<p>En el marco del D\u00eda Nacional de la Juventud, el vicegobernador y presidente nato de la C\u00e1mara de Diputados de<\/p>\n","protected":false},"author":3,"featured_media":41923,"comment_status":"closed","ping_status":"closed","sticky":false,"template":"","format":"video","meta":{"_acf_changed":false,"_seopress_robots_primary_cat":"none","_seopress_titles_title":"","_seopress_titles_desc":"","_seopress_robots_index":"","colormag_page_container_layout":"default_layout","colormag_page_sidebar_layout":"default_layout","footnotes":""},"categories":[1,7],"tags":[],"class_list":["post-41921","post","type-post","status-publish","format-video","has-post-thumbnail","hentry","category-destacadas","category-videos","post_format-post-format-video"],"acf":[],"_links":{"self":[{"href":"https:\/\/vocesparalelas.com.ar\/sitio\/wp-json\/wp\/v2\/posts\/41921","targetHints":{"allow":["GET"]}}],"collection":[{"href":"https:\/\/vocesparalelas.com.ar\/sitio\/wp-json\/wp\/v2\/posts"}],"about":[{"href":"https:\/\/vocesparalelas.com.ar\/sitio\/wp-json\/wp\/v2\/types\/post"}],"author":[{"embeddable":true,"href":"https:\/\/vocesparalelas.com.ar\/sitio\/wp-json\/wp\/v2\/users\/3"}],"replies":[{"embeddable":true,"href":"https:\/\/vocesparalelas.com.ar\/sitio\/wp-json\/wp\/v2\/comments?post=41921"}],"version-history":[{"count":1,"href":"https:\/\/vocesparalelas.com.ar\/sitio\/wp-json\/wp\/v2\/posts\/41921\/revisions"}],"predecessor-version":[{"id":41924,"href":"https:\/\/vocesparalelas.com.ar\/sitio\/wp-json\/wp\/v2\/posts\/41921\/revisions\/41924"}],"wp:featuredmedia":[{"embeddable":true,"href":"https:\/\/vocesparalelas.com.ar\/sitio\/wp-json\/wp\/v2\/media\/41923"}],"wp:attachment":[{"href":"https:\/\/vocesparalelas.com.ar\/sitio\/wp-json\/wp\/v2\/media?parent=41921"}],"wp:term":[{"taxonomy":"category","embeddable":true,"href":"https:\/\/vocesparalelas.com.ar\/sitio\/wp-json\/wp\/v2\/categories?post=41921"},{"taxonomy":"post_tag","embeddable":true,"href":"https:\/\/vocesparalelas.com.ar\/sitio\/wp-json\/wp\/v2\/tags?post=41921"}],"curies":[{"name":"wp","href":"https:\/\/api.w.org\/{rel}","templated":true}]}}