{"id":41888,"date":"2021-09-15T22:38:19","date_gmt":"2021-09-16T01:38:19","guid":{"rendered":"https:\/\/vocesparalelas.com.ar\/sitio\/?p=41888"},"modified":"2021-09-17T00:12:27","modified_gmt":"2021-09-17T03:12:27","slug":"sumate-a-la-fedu-2021","status":"publish","type":"post","link":"https:\/\/vocesparalelas.com.ar\/sitio\/sumate-a-la-fedu-2021\/","title":{"rendered":"Sumate a la FEDU 2021"},"content":{"rendered":"<p>La Feria Educativa &#8211; FEDU &#8211; presenta la oferta educativa de las carreras de grado y Nivel Superior de San Juan, el 30 de Septiembre, cuyo acto de presentaci\u00f3n y habilitaci\u00f3n oficial, se realiza en el Rectorado de la Universidad Nacional de San Juan, a las 10 horas.<\/p>\n<p>La edici\u00f3n 2021 de la FEDU, se realiza bajo la modalidad virtual, permiti\u00e9ndoles a los alumnos ingresar cuando les quede m\u00e1s c\u00f3modo y las veces que lo requieran.<\/p>\n<p>A partir del Jueves, 30 de Septiembre, los interesados pueden ingresar para recorrerla a trav\u00e9s de la p\u00e1gina web del Ministerio de Educaci\u00f3n de la Provincia <a href=\"http:\/\/www.sanjuan.edu.ar\/\" target=\"_blank\" rel=\"noopener noreferrer\">www.sanjuan.edu.ar<\/a>.<\/p>\n<p>Los estudiantes encuentran un banner animado que al cliquearlo los dirige a una p\u00e1gina con los logos de las tres instituciones organizadoras:<\/p>\n<ul>\n<li>Ministerio de Educaci\u00f3n,<\/li>\n<li>Universidad Nacional de San Juan y<\/li>\n<li>Universidad Cat\u00f3lica de Cuyo.<\/li>\n<\/ul>\n<p>Cada uno de los logos les permite el acceso a la oferta acad\u00e9mica de cada una de las instituciones. Adem\u00e1s, encuentran enlaces que los direcciona a mayor informaci\u00f3n e incluso formularios de consulta por si requieren disipar dudas sobre las carreras en las que est\u00e9n interesados.<\/p>\n<p>&nbsp;<\/p>\n<p>&nbsp;<\/p>\n<p>&nbsp;<\/p>\n","protected":false},"excerpt":{"rendered":"<p>La Feria Educativa &#8211; FEDU &#8211; presenta la oferta educativa de las carreras de grado y Nivel Superior de San<\/p>\n","protected":false},"author":3,"featured_media":41890,"comment_status":"closed","ping_status":"closed","sticky":false,"template":"","format":"standard","meta":{"_acf_changed":false,"_seopress_robots_primary_cat":"none","_seopress_titles_title":"","_seopress_titles_desc":"","_seopress_robots_index":"","colormag_page_container_layout":"default_layout","colormag_page_sidebar_layout":"default_layout","footnotes":""},"categories":[2],"tags":[],"class_list":["post-41888","post","type-post","status-publish","format-standard","has-post-thumbnail","hentry","category-convocatorias"],"acf":[],"_links":{"self":[{"href":"https:\/\/vocesparalelas.com.ar\/sitio\/wp-json\/wp\/v2\/posts\/41888","targetHints":{"allow":["GET"]}}],"collection":[{"href":"https:\/\/vocesparalelas.com.ar\/sitio\/wp-json\/wp\/v2\/posts"}],"about":[{"href":"https:\/\/vocesparalelas.com.ar\/sitio\/wp-json\/wp\/v2\/types\/post"}],"author":[{"embeddable":true,"href":"https:\/\/vocesparalelas.com.ar\/sitio\/wp-json\/wp\/v2\/users\/3"}],"replies":[{"embeddable":true,"href":"https:\/\/vocesparalelas.com.ar\/sitio\/wp-json\/wp\/v2\/comments?post=41888"}],"version-history":[{"count":1,"href":"https:\/\/vocesparalelas.com.ar\/sitio\/wp-json\/wp\/v2\/posts\/41888\/revisions"}],"predecessor-version":[{"id":41891,"href":"https:\/\/vocesparalelas.com.ar\/sitio\/wp-json\/wp\/v2\/posts\/41888\/revisions\/41891"}],"wp:featuredmedia":[{"embeddable":true,"href":"https:\/\/vocesparalelas.com.ar\/sitio\/wp-json\/wp\/v2\/media\/41890"}],"wp:attachment":[{"href":"https:\/\/vocesparalelas.com.ar\/sitio\/wp-json\/wp\/v2\/media?parent=41888"}],"wp:term":[{"taxonomy":"category","embeddable":true,"href":"https:\/\/vocesparalelas.com.ar\/sitio\/wp-json\/wp\/v2\/categories?post=41888"},{"taxonomy":"post_tag","embeddable":true,"href":"https:\/\/vocesparalelas.com.ar\/sitio\/wp-json\/wp\/v2\/tags?post=41888"}],"curies":[{"name":"wp","href":"https:\/\/api.w.org\/{rel}","templated":true}]}}