{"id":41880,"date":"2021-09-15T21:33:59","date_gmt":"2021-09-16T00:33:59","guid":{"rendered":"https:\/\/vocesparalelas.com.ar\/sitio\/?p=41880"},"modified":"2021-09-15T21:33:59","modified_gmt":"2021-09-16T00:33:59","slug":"seleccionados-para-el-curso-inmersivo-san-juan","status":"publish","type":"post","link":"https:\/\/vocesparalelas.com.ar\/sitio\/seleccionados-para-el-curso-inmersivo-san-juan\/","title":{"rendered":"Seleccionados para el \u201cCurso Inmersivo San Juan\u201d"},"content":{"rendered":"<p>El secretario de Estado de Ciencia, Tecnolog\u00eda e Innovaci\u00f3n del Gobierno de San Juan, Ing. Tulio del Bono acompa\u00f1ado por la coordinadora de Innovaci\u00f3n y Creatividad, Lic. Mariela Limerutti y el director acad\u00e9mico del curso, Prof. Julien Brun, dieron la bienvenida a las 50 personas seleccionadas que realizar\u00e1n gratuitamente el \u201cCurso Inmersivo San Juan\u201d.<\/p>\n<p>De la convocatoria participaron m\u00e1s de 100 interesados, incluyendo personas de otros pa\u00edses como M\u00e9xico, Bolivia y Per\u00fa y de otras provincias de la Argentina.<\/p>\n<p>El Curso Inmersivo San Juan se dicta de manera virtual desde el 16 de Septiembre de 2021 hasta Diciembre de 2021. Se trata de una propuesta \u00fanica en la Argentina por sus caracter\u00edsticas y contenido.<\/p>\n<p><strong><span style=\"color: #339966;\">Seleccionados<\/span><\/strong><\/p>\n<p>N\u00e9stor Estrada, Mariano Monta\u00f1ez, Mario Bertazzo, David Bustos Mahiques, Facundo Tapia, Franco Penizzotto, Giovanni Lategano, Enrique Balderrama, Sandra Pereyra, Ver\u00f3nica Legal, Lautaro Rojas, Ivana Vega, Claudio Rosales, Horacio Lisandro \u00c1vila, David Alan Somerville Adrover, Jos\u00e9 Sebasti\u00e1n Araya, Carlos Yacante, Diego Garc\u00eda, Marcela Lala C\u00e9spedes, Gonzalo Ariel Bustos Moreno, Lorena Castillo, \u00c9rica Flores, Mathias Pedro Emmanuel Luna, Leandro Emilio S\u00e1nchez, Ver\u00f3nica Guti\u00e9rrez, Emilio Gustavo Orme\u00f1o, Diego Lineares, Javier Daniel Espinosa, Alex Arroqui Storni, Carlos Mont, Natalia C\u00e1ceres, Mar\u00eda del Valle Coll, Cinthya D B\u00e1rbara Montoro Russo, Pablo Alfredo Yamamoto, Fernando Tettamanti, Juan Ignacio Valiente, Juan Perona S\u00e1nchez, Tatiana Oruste, Yanina Ruarte, Melina Santiago, Juan Manuel Ariza, Edgardo Molina, Renzo Sessa, Mario Esteban Garcia Vrito, Noelia Zacar\u00edas, Jos\u00e9 Sebasti\u00e1n Araya, Gast\u00f3n Aballay, Fabi\u00e1n Noriega, Walter Alejandro Castillo, Ana Clara Bustelo.<\/p>\n<p><strong><span style=\"color: #339966;\">Suplentes<\/span><\/strong><\/p>\n<p>Agust\u00edn Arena, Santiago Fuentes, Mathias Leonardo Ariza Oviedo, Gisela Villarreal, Lilia In\u00e9s Torres, Mariano Martin, Victoria Costa, Melisa In\u00e9s Flores, Mar\u00eda Florencia Alamino, Teresa Carrizo, Domingo Britos, Fabi\u00e1n Araya, Ivana Hinojosa, Francisco Fabi\u00e1n L\u00f3pez, Facundo Andr\u00e9s Gelvez Olivares, German Crist\u00f3bal Gonz\u00e1lez, Florencia Belchior, Yesica Castro, Dante Mauricio Fontana Laplagne.<\/p>\n<p>El Jueves, 23 de Septiembre est\u00e1 prevista una masterclass con Cristina Kotz Cornejo, entre otros. Es importante destacar, que la disertante es descendiente de huarpes y vive en EEUU. Fue elegida por la revista Variety como una de las profesoras a seguir este 2021.<\/p>\n<p>Durante el cursado hay presencia de la tem\u00e1tica de los Metaversos.\u00a0Asimismo, se destaca la presencia de Arthur Madrid, de Sandbox que habla de los NFT. La presencia internacional de base francesa y mujeres compartiendo sus conocimientos y lo mejor de Argentina.<\/p>\n<p>Durante el cursado se trabaja con los participantes en la confecci\u00f3n de un prototipo profesional con sus iniciativas para presentar como cierre del curso, pudiendo exhibirse luego en ferias nacionales e internacionales.<\/p>\n<p>El curso brinda capacitaci\u00f3n, investigaci\u00f3n y experimentaci\u00f3n a programadores, dise\u00f1adores, coders, animadores, realizadores y productores audiovisuales, desarrolladores, emprendedores, startups, estudiantes y formadores relacionados a las tecnolog\u00edas inmersivas, entre otros.<\/p>\n<p>Las sesiones son online: 2 veces por semana y de 4 horas de duraci\u00f3n. Se usa una plataforma web de e-learning con caracter\u00edsticas virtuales como punto de encuentro entre los capacitadores y los participantes.<\/p>\n<p><strong><span style=\"color: #339966;\">Contenidos y temas<\/span><\/strong><\/p>\n<ul>\n<li>Realidad Virtual (RV);<\/li>\n<li>Realidad Aumentada (Realidad Aumentada);<\/li>\n<li>Realidades Extendidas (XR);<\/li>\n<li>Metaversos;<\/li>\n<li>Escultura Virtual;<\/li>\n<li>Visuales e Instalaciones Inmersivas;<\/li>\n<li>Videogames y Esports;<\/li>\n<li>Fondos y Fomento, Mercados, Festivales y Congresos;<\/li>\n<li>Influencers y Medios Especializados XR;<\/li>\n<li>Maquetaci\u00f3n, Modelaci\u00f3n, Programaci\u00f3n, VFX, 3D;<\/li>\n<li>Virtual Production;<\/li>\n<li>WebVR y Open XR; Criptoarte y NTFs;<\/li>\n<li>Inteligencia Artificial; Design Thinking;<\/li>\n<li>Negocios de innovaci\u00f3n audiovisual;<\/li>\n<li>Alianzas internacionales.<\/li>\n<\/ul>\n<p><strong><span style=\"color: #339966;\">Conferencistas y tutores<\/span><\/strong><\/p>\n<p>Antoine Cayrol &#8211; Atlas V (Francia), Marta Ordeig &#8211; Garage Stories (Espa\u00f1a &#8211; USA); Mathieu Gayet &#8211; XR Must (Francia); Fernando Maldonado &#8211; 3DAR (Argentina); Priscila Guedes (Brasil); Claudio Dicmonas &#8211; Virtualworld. (Argentina); Anne Degenne &#8211; French Tech Buenos Aires President, entre otros.<\/p>\n<p>&nbsp;<\/p>\n<p>&nbsp;<\/p>\n","protected":false},"excerpt":{"rendered":"<p>El secretario de Estado de Ciencia, Tecnolog\u00eda e Innovaci\u00f3n del Gobierno de San Juan, Ing. Tulio del Bono acompa\u00f1ado por<\/p>\n","protected":false},"author":3,"featured_media":41884,"comment_status":"closed","ping_status":"closed","sticky":false,"template":"","format":"standard","meta":{"_acf_changed":false,"_seopress_robots_primary_cat":"none","_seopress_titles_title":"","_seopress_titles_desc":"","_seopress_robots_index":"","colormag_page_container_layout":"default_layout","colormag_page_sidebar_layout":"default_layout","footnotes":""},"categories":[1],"tags":[],"class_list":["post-41880","post","type-post","status-publish","format-standard","has-post-thumbnail","hentry","category-destacadas"],"acf":[],"_links":{"self":[{"href":"https:\/\/vocesparalelas.com.ar\/sitio\/wp-json\/wp\/v2\/posts\/41880","targetHints":{"allow":["GET"]}}],"collection":[{"href":"https:\/\/vocesparalelas.com.ar\/sitio\/wp-json\/wp\/v2\/posts"}],"about":[{"href":"https:\/\/vocesparalelas.com.ar\/sitio\/wp-json\/wp\/v2\/types\/post"}],"author":[{"embeddable":true,"href":"https:\/\/vocesparalelas.com.ar\/sitio\/wp-json\/wp\/v2\/users\/3"}],"replies":[{"embeddable":true,"href":"https:\/\/vocesparalelas.com.ar\/sitio\/wp-json\/wp\/v2\/comments?post=41880"}],"version-history":[{"count":1,"href":"https:\/\/vocesparalelas.com.ar\/sitio\/wp-json\/wp\/v2\/posts\/41880\/revisions"}],"predecessor-version":[{"id":41885,"href":"https:\/\/vocesparalelas.com.ar\/sitio\/wp-json\/wp\/v2\/posts\/41880\/revisions\/41885"}],"wp:featuredmedia":[{"embeddable":true,"href":"https:\/\/vocesparalelas.com.ar\/sitio\/wp-json\/wp\/v2\/media\/41884"}],"wp:attachment":[{"href":"https:\/\/vocesparalelas.com.ar\/sitio\/wp-json\/wp\/v2\/media?parent=41880"}],"wp:term":[{"taxonomy":"category","embeddable":true,"href":"https:\/\/vocesparalelas.com.ar\/sitio\/wp-json\/wp\/v2\/categories?post=41880"},{"taxonomy":"post_tag","embeddable":true,"href":"https:\/\/vocesparalelas.com.ar\/sitio\/wp-json\/wp\/v2\/tags?post=41880"}],"curies":[{"name":"wp","href":"https:\/\/api.w.org\/{rel}","templated":true}]}}