{"id":41872,"date":"2021-09-15T20:48:59","date_gmt":"2021-09-15T23:48:59","guid":{"rendered":"https:\/\/vocesparalelas.com.ar\/sitio\/?p=41872"},"modified":"2021-09-17T00:17:48","modified_gmt":"2021-09-17T03:17:48","slug":"comienza-la-vacunacion-para-los-adolescentes-de-17-anos-con-la-pfizer-en-san-juan","status":"publish","type":"post","link":"https:\/\/vocesparalelas.com.ar\/sitio\/comienza-la-vacunacion-para-los-adolescentes-de-17-anos-con-la-pfizer-en-san-juan\/","title":{"rendered":"Comienza la vacunaci\u00f3n para los adolescentes de 17 a\u00f1os con la Pfizer en San Juan"},"content":{"rendered":"<p>Recientemente arribaron a la provincia las dosis de la vacuna Pfizer-BioNTech destinadas a la poblaci\u00f3n adolescente de 17 a\u00f1os sin comorbilidades, para continuar con el Plan Provincial de Vacunaci\u00f3n.<\/p>\n<p>Este grupo comenz\u00f3 a inscribirse semanas atr\u00e1s. Hasta el momento alrededor de 7.000 j\u00f3venes se han registrado.<\/p>\n<p>La vacunaci\u00f3n comenzar\u00e1 este jueves 16 de septiembre para todas las personas de este grupo con turno previo. El turno les llegar\u00e1 a trav\u00e9s de mensaje de texto desde el n\u00famero 40340, informando la hora, d\u00eda y lugar de vacunaci\u00f3n.<\/p>\n<p>La vacuna de Pfizer-BioNTech, basada en una plataforma innovadora, fue la primera en recibir autorizaci\u00f3n de uso de emergencia, en ser aprobada para adolescentes y tambi\u00e9n por la Administraci\u00f3n de Alimentos y Medicamentos de los Estados Unidos (FDA), al tiempo que recientemente demostr\u00f3 ser eficaz en la prevenci\u00f3n de cuadros graves y muertes contra las nuevas variantes del coronavirus, como Delta.<\/p>\n<p>La vacuna Comirnaty, tambi\u00e9n conocida como BNT162b2 o por el nombre de sus desarrolladoras (Pfizer-BioNTech), public\u00f3 sus primeros resultados de eficacia el 9 de noviembre de 2020 a partir de los datos preliminares de su estudio de fase 3, en el que particip\u00f3 Argentina.<\/p>\n<p>&nbsp;<\/p>\n<p>&nbsp;<\/p>\n<p>&nbsp;<\/p>\n","protected":false},"excerpt":{"rendered":"<p>Recientemente arribaron a la provincia las dosis de la vacuna Pfizer-BioNTech destinadas a la poblaci\u00f3n adolescente de 17 a\u00f1os sin<\/p>\n","protected":false},"author":3,"featured_media":41874,"comment_status":"closed","ping_status":"closed","sticky":false,"template":"","format":"standard","meta":{"_acf_changed":false,"_seopress_robots_primary_cat":"none","_seopress_titles_title":"","_seopress_titles_desc":"","_seopress_robots_index":"","colormag_page_container_layout":"default_layout","colormag_page_sidebar_layout":"default_layout","footnotes":""},"categories":[6],"tags":[],"class_list":["post-41872","post","type-post","status-publish","format-standard","has-post-thumbnail","hentry","category-eventos"],"acf":[],"_links":{"self":[{"href":"https:\/\/vocesparalelas.com.ar\/sitio\/wp-json\/wp\/v2\/posts\/41872","targetHints":{"allow":["GET"]}}],"collection":[{"href":"https:\/\/vocesparalelas.com.ar\/sitio\/wp-json\/wp\/v2\/posts"}],"about":[{"href":"https:\/\/vocesparalelas.com.ar\/sitio\/wp-json\/wp\/v2\/types\/post"}],"author":[{"embeddable":true,"href":"https:\/\/vocesparalelas.com.ar\/sitio\/wp-json\/wp\/v2\/users\/3"}],"replies":[{"embeddable":true,"href":"https:\/\/vocesparalelas.com.ar\/sitio\/wp-json\/wp\/v2\/comments?post=41872"}],"version-history":[{"count":1,"href":"https:\/\/vocesparalelas.com.ar\/sitio\/wp-json\/wp\/v2\/posts\/41872\/revisions"}],"predecessor-version":[{"id":41875,"href":"https:\/\/vocesparalelas.com.ar\/sitio\/wp-json\/wp\/v2\/posts\/41872\/revisions\/41875"}],"wp:featuredmedia":[{"embeddable":true,"href":"https:\/\/vocesparalelas.com.ar\/sitio\/wp-json\/wp\/v2\/media\/41874"}],"wp:attachment":[{"href":"https:\/\/vocesparalelas.com.ar\/sitio\/wp-json\/wp\/v2\/media?parent=41872"}],"wp:term":[{"taxonomy":"category","embeddable":true,"href":"https:\/\/vocesparalelas.com.ar\/sitio\/wp-json\/wp\/v2\/categories?post=41872"},{"taxonomy":"post_tag","embeddable":true,"href":"https:\/\/vocesparalelas.com.ar\/sitio\/wp-json\/wp\/v2\/tags?post=41872"}],"curies":[{"name":"wp","href":"https:\/\/api.w.org\/{rel}","templated":true}]}}