{"id":41812,"date":"2021-09-13T23:03:19","date_gmt":"2021-09-14T02:03:19","guid":{"rendered":"https:\/\/vocesparalelas.com.ar\/sitio\/?p=41812"},"modified":"2021-09-14T22:40:43","modified_gmt":"2021-09-15T01:40:43","slug":"xv-jornadas-argentinas-de-tratamiento-de-minerales-2021","status":"publish","type":"post","link":"https:\/\/vocesparalelas.com.ar\/sitio\/xv-jornadas-argentinas-de-tratamiento-de-minerales-2021\/","title":{"rendered":"XV Jornadas Argentinas de Tratamiento de Minerales 2021"},"content":{"rendered":"<p>El Instituto De Investigaciones Mineras y el Departamento de Ingenier\u00eda en Minas realizar\u00e1n las XV Jornadas Argentinas de Tratamiento de Minerales 2021 &#8211; JATRAMI -, el 15; 16 y 17 de Septiembre, en San Juan.<\/p>\n<p>Se considera una de las reuniones m\u00e1s importantes y trascendentes, a nivel cient\u00edfico, en donde los investigadores y cient\u00edficos tanto nacionales como internacionales exponen sus pensamientos y desarrollan sus ideas en las diferentes tem\u00e1ticas del tratamiento de minerales.<\/p>\n<p>El tratamiento de minerales es un proceso global, que transforma recursos naturales no renovables en innumerables insumos, desde productos de uso diario hasta lo m\u00e1s exquisito tecnol\u00f3gicamente, haciendo uso tanto de operaciones unitarias como de procesos de transformaci\u00f3n del mineral.<\/p>\n<p>Este encuentro bienal, constituye un \u00e1mbito en donde se propicia el debate acad\u00e9mico y se enriquece con la participaci\u00f3n de los sectores productivos mineros, en un espacio de transferencia e integraci\u00f3n de conocimientos y experiencia de desarrollos mineros.<\/p>\n<p>Las Jornadas Argentinas de Tratamiento de Minerales &#8211; JATRAMI &#8211; se han realizado en diferentes partes de nuestro pa\u00eds en forma ininterrumpidas desde el a\u00f1o 1988, siendo San Juan, una de las provincias en las cuales se han llevado a cabo cuatro de estas reuniones, siendo \u00e9sta la quinta reuni\u00f3n, que debi\u00f3 ser realizada el a\u00f1o 2020, pero por motivos de p\u00fablico conocimiento no pudo ser llevada a cabo.<\/p>\n<p><strong><span style=\"color: #13d47a;\">En esta JATRAMI 2021, tiene como \u00e1reas tem\u00e1ticas centrales: <\/span><\/strong><\/p>\n<ul>\n<li>Hidrometalurgia y Pirometalurgia,<\/li>\n<li>Modelado de Procesos Hidrometal\u00fargicos,<\/li>\n<li>Control y Procesamiento de Minerales,<\/li>\n<li>Control y Tratamiento de efluentes de plantas de tratamiento de minerales,<\/li>\n<li>Biohidrometalurgia,<\/li>\n<li>Procesamiento de arenas para fracturaci\u00f3n hidr\u00e1ulica (fracking) y<\/li>\n<li>otras t\u00e9cnicas aplicadas al procesamiento de minerales.<\/li>\n<\/ul>\n<p><strong><span style=\"color: #13d47a;\">En este sentido se expondr\u00e1n 53 trabajos cient\u00edficos y 3 Conferencias plenarias.<\/span><\/strong><\/p>\n<ul>\n<li>Conferencia Plenaria 1: \u00abPretratamiento en diferentes medios de minerales y concentrados sulfurados de cobre previo al proceso de lixiviaci\u00f3n\u00bb. Dr. Patricio Navarro Donoso (Universidad de Santiago, Chile)<\/li>\n<li>Conferencia Plenaria 2: \u00abAvances en la gesti\u00f3n de residuos mineros\u00bb. Dra. Dulce G\u00f3mez-Lim\u00f3n Galindo (Universidad Polit\u00e9cnica de Madrid)<\/li>\n<li>Conferencia Plenaria 3: \u00abSostenibilidad en la industria extractiva de metales preciosos a peque\u00f1a escala\u00bb. Dr. Oscar J. Restrepo (Universidad Nacional de Colombia.<\/li>\n<\/ul>\n<p>&nbsp;<\/p>\n<p><img loading=\"lazy\" decoding=\"async\" class=\"alignnone wp-image-23028 size-large\" src=\"https:\/\/vocesparalelas.com.ar\/sitio\/wp-content\/uploads\/2019\/08\/FI-UNSJ-EDIFICIO-800x600.jpg\" alt=\"\" width=\"800\" height=\"600\" srcset=\"https:\/\/vocesparalelas.com.ar\/sitio\/wp-content\/uploads\/2019\/08\/FI-UNSJ-EDIFICIO-800x600.jpg 800w, https:\/\/vocesparalelas.com.ar\/sitio\/wp-content\/uploads\/2019\/08\/FI-UNSJ-EDIFICIO-300x225.jpg 300w, https:\/\/vocesparalelas.com.ar\/sitio\/wp-content\/uploads\/2019\/08\/FI-UNSJ-EDIFICIO-768x576.jpg 768w, https:\/\/vocesparalelas.com.ar\/sitio\/wp-content\/uploads\/2019\/08\/FI-UNSJ-EDIFICIO.jpg 888w\" sizes=\"auto, (max-width: 800px) 100vw, 800px\" \/><\/p>\n<p>&nbsp;<\/p>\n<p>&nbsp;<\/p>\n","protected":false},"excerpt":{"rendered":"<p>El Instituto De Investigaciones Mineras y el Departamento de Ingenier\u00eda en Minas realizar\u00e1n las XV Jornadas Argentinas de Tratamiento de<\/p>\n","protected":false},"author":3,"featured_media":41814,"comment_status":"closed","ping_status":"closed","sticky":false,"template":"","format":"standard","meta":{"_acf_changed":false,"_seopress_robots_primary_cat":"none","_seopress_titles_title":"","_seopress_titles_desc":"","_seopress_robots_index":"","colormag_page_container_layout":"default_layout","colormag_page_sidebar_layout":"default_layout","footnotes":""},"categories":[9],"tags":[],"class_list":["post-41812","post","type-post","status-publish","format-standard","has-post-thumbnail","hentry","category-cursos"],"acf":[],"_links":{"self":[{"href":"https:\/\/vocesparalelas.com.ar\/sitio\/wp-json\/wp\/v2\/posts\/41812","targetHints":{"allow":["GET"]}}],"collection":[{"href":"https:\/\/vocesparalelas.com.ar\/sitio\/wp-json\/wp\/v2\/posts"}],"about":[{"href":"https:\/\/vocesparalelas.com.ar\/sitio\/wp-json\/wp\/v2\/types\/post"}],"author":[{"embeddable":true,"href":"https:\/\/vocesparalelas.com.ar\/sitio\/wp-json\/wp\/v2\/users\/3"}],"replies":[{"embeddable":true,"href":"https:\/\/vocesparalelas.com.ar\/sitio\/wp-json\/wp\/v2\/comments?post=41812"}],"version-history":[{"count":1,"href":"https:\/\/vocesparalelas.com.ar\/sitio\/wp-json\/wp\/v2\/posts\/41812\/revisions"}],"predecessor-version":[{"id":41815,"href":"https:\/\/vocesparalelas.com.ar\/sitio\/wp-json\/wp\/v2\/posts\/41812\/revisions\/41815"}],"wp:featuredmedia":[{"embeddable":true,"href":"https:\/\/vocesparalelas.com.ar\/sitio\/wp-json\/wp\/v2\/media\/41814"}],"wp:attachment":[{"href":"https:\/\/vocesparalelas.com.ar\/sitio\/wp-json\/wp\/v2\/media?parent=41812"}],"wp:term":[{"taxonomy":"category","embeddable":true,"href":"https:\/\/vocesparalelas.com.ar\/sitio\/wp-json\/wp\/v2\/categories?post=41812"},{"taxonomy":"post_tag","embeddable":true,"href":"https:\/\/vocesparalelas.com.ar\/sitio\/wp-json\/wp\/v2\/tags?post=41812"}],"curies":[{"name":"wp","href":"https:\/\/api.w.org\/{rel}","templated":true}]}}