{"id":41806,"date":"2021-09-13T22:09:46","date_gmt":"2021-09-14T01:09:46","guid":{"rendered":"https:\/\/vocesparalelas.com.ar\/sitio\/?p=41806"},"modified":"2021-09-13T22:09:46","modified_gmt":"2021-09-14T01:09:46","slug":"pusieron-en-funcionamiento-el-1-punto-sos-de-san-juan","status":"publish","type":"post","link":"https:\/\/vocesparalelas.com.ar\/sitio\/pusieron-en-funcionamiento-el-1-punto-sos-de-san-juan\/","title":{"rendered":"Pusieron en funcionamiento el 1\u00b0 Punto SOS de San Juan"},"content":{"rendered":"<p>El primer Punto SOS instalado en la provincia de San Juan, est\u00e1 ubicado en la Ruta Nacional 141, a la altura del empalme con la RN 510, la ruta m\u00e1s transitada para llegar a Valle F\u00e9rtil.<\/p>\n<p>Es una localizaci\u00f3n estrat\u00e9gica muy importante para las personas que transitan por estos caminos que se encuentran fuera del \u00e1rea de cobertura de los servicios de telefon\u00eda.<\/p>\n<p><img loading=\"lazy\" decoding=\"async\" class=\"alignnone wp-image-41808 size-large\" src=\"https:\/\/vocesparalelas.com.ar\/sitio\/wp-content\/uploads\/2021\/09\/SOS-01-800x695.jpg\" alt=\"\" width=\"800\" height=\"695\" srcset=\"https:\/\/vocesparalelas.com.ar\/sitio\/wp-content\/uploads\/2021\/09\/SOS-01-800x695.jpg 800w, https:\/\/vocesparalelas.com.ar\/sitio\/wp-content\/uploads\/2021\/09\/SOS-01-300x261.jpg 300w, https:\/\/vocesparalelas.com.ar\/sitio\/wp-content\/uploads\/2021\/09\/SOS-01-768x668.jpg 768w, https:\/\/vocesparalelas.com.ar\/sitio\/wp-content\/uploads\/2021\/09\/SOS-01.jpg 1024w\" sizes=\"auto, (max-width: 800px) 100vw, 800px\" \/><\/p>\n<p>Cada Punto SOS tiene una\u00a0cobertura de 200 metros a la redonda. La red se denomina \u00abSOS\u00bb y es de acceso libre y gratuito para los viajeros. Desde aqu\u00ed pueden acceder a conexi\u00f3n a internet mediante Wi-Fi, que otorga comunicaci\u00f3n por diversas plataformas para realizar consultas o solicitar ayuda en caso de necesitarlo.<\/p>\n<p>Este es el primero de un sistema de puntos que\u00a0se instalan para brindar conectividad a los viajeros que transitan la provincia de San Juan.<\/p>\n<p><img loading=\"lazy\" decoding=\"async\" class=\"alignnone wp-image-41809 size-large\" src=\"https:\/\/vocesparalelas.com.ar\/sitio\/wp-content\/uploads\/2021\/09\/SOS-02-800x600.jpg\" alt=\"\" width=\"800\" height=\"600\" srcset=\"https:\/\/vocesparalelas.com.ar\/sitio\/wp-content\/uploads\/2021\/09\/SOS-02-800x600.jpg 800w, https:\/\/vocesparalelas.com.ar\/sitio\/wp-content\/uploads\/2021\/09\/SOS-02-300x225.jpg 300w, https:\/\/vocesparalelas.com.ar\/sitio\/wp-content\/uploads\/2021\/09\/SOS-02-768x576.jpg 768w, https:\/\/vocesparalelas.com.ar\/sitio\/wp-content\/uploads\/2021\/09\/SOS-02.jpg 1024w\" sizes=\"auto, (max-width: 800px) 100vw, 800px\" \/><\/p>\n","protected":false},"excerpt":{"rendered":"<p>El primer Punto SOS instalado en la provincia de San Juan, est\u00e1 ubicado en la Ruta Nacional 141, a la<\/p>\n","protected":false},"author":3,"featured_media":41810,"comment_status":"closed","ping_status":"closed","sticky":false,"template":"","format":"standard","meta":{"_acf_changed":false,"_seopress_robots_primary_cat":"none","_seopress_titles_title":"","_seopress_titles_desc":"","_seopress_robots_index":"","colormag_page_container_layout":"default_layout","colormag_page_sidebar_layout":"default_layout","footnotes":""},"categories":[1],"tags":[],"class_list":["post-41806","post","type-post","status-publish","format-standard","has-post-thumbnail","hentry","category-destacadas"],"acf":[],"_links":{"self":[{"href":"https:\/\/vocesparalelas.com.ar\/sitio\/wp-json\/wp\/v2\/posts\/41806","targetHints":{"allow":["GET"]}}],"collection":[{"href":"https:\/\/vocesparalelas.com.ar\/sitio\/wp-json\/wp\/v2\/posts"}],"about":[{"href":"https:\/\/vocesparalelas.com.ar\/sitio\/wp-json\/wp\/v2\/types\/post"}],"author":[{"embeddable":true,"href":"https:\/\/vocesparalelas.com.ar\/sitio\/wp-json\/wp\/v2\/users\/3"}],"replies":[{"embeddable":true,"href":"https:\/\/vocesparalelas.com.ar\/sitio\/wp-json\/wp\/v2\/comments?post=41806"}],"version-history":[{"count":1,"href":"https:\/\/vocesparalelas.com.ar\/sitio\/wp-json\/wp\/v2\/posts\/41806\/revisions"}],"predecessor-version":[{"id":41811,"href":"https:\/\/vocesparalelas.com.ar\/sitio\/wp-json\/wp\/v2\/posts\/41806\/revisions\/41811"}],"wp:featuredmedia":[{"embeddable":true,"href":"https:\/\/vocesparalelas.com.ar\/sitio\/wp-json\/wp\/v2\/media\/41810"}],"wp:attachment":[{"href":"https:\/\/vocesparalelas.com.ar\/sitio\/wp-json\/wp\/v2\/media?parent=41806"}],"wp:term":[{"taxonomy":"category","embeddable":true,"href":"https:\/\/vocesparalelas.com.ar\/sitio\/wp-json\/wp\/v2\/categories?post=41806"},{"taxonomy":"post_tag","embeddable":true,"href":"https:\/\/vocesparalelas.com.ar\/sitio\/wp-json\/wp\/v2\/tags?post=41806"}],"curies":[{"name":"wp","href":"https:\/\/api.w.org\/{rel}","templated":true}]}}