{"id":41788,"date":"2021-09-12T23:29:03","date_gmt":"2021-09-13T02:29:03","guid":{"rendered":"https:\/\/vocesparalelas.com.ar\/sitio\/?p=41788"},"modified":"2021-09-12T23:29:03","modified_gmt":"2021-09-13T02:29:03","slug":"hemos-mantenido-un-resultado-favorable-en-san-juan","status":"publish","type":"post","link":"https:\/\/vocesparalelas.com.ar\/sitio\/hemos-mantenido-un-resultado-favorable-en-san-juan\/","title":{"rendered":"\u201cHemos mantenido un resultado favorable en San Juan\u201d"},"content":{"rendered":"<p>Apenas pasada la hora 21 del domingo, 12 de Septiembre, el gobernador de San Juan y presidente del Frente de Todos, Dr. Sergio U\u00f1ac, dio una conferencia de prensa en la que realiz\u00f3 el primer an\u00e1lisis de las elecciones PASO junto al periodismo local.<\/p>\n<p>Walberto Allende, Fabiola Aubone, Luis Rueda, Marita Benavente, Marcelo Trujillo y Noelia Tortarolo, precandidatos de la lista, titulares y suplentes, acompa\u00f1aron a U\u00f1ac quien les agradeci\u00f3 el trabajo y compromiso durante la campa\u00f1a.<\/p>\n<p><img loading=\"lazy\" decoding=\"async\" class=\"alignnone wp-image-41786 size-large\" src=\"https:\/\/vocesparalelas.com.ar\/sitio\/wp-content\/uploads\/2021\/09\/TODOS-01-800x452.jpg\" alt=\"\" width=\"800\" height=\"452\" srcset=\"https:\/\/vocesparalelas.com.ar\/sitio\/wp-content\/uploads\/2021\/09\/TODOS-01-800x452.jpg 800w, https:\/\/vocesparalelas.com.ar\/sitio\/wp-content\/uploads\/2021\/09\/TODOS-01-300x170.jpg 300w, https:\/\/vocesparalelas.com.ar\/sitio\/wp-content\/uploads\/2021\/09\/TODOS-01-768x434.jpg 768w, https:\/\/vocesparalelas.com.ar\/sitio\/wp-content\/uploads\/2021\/09\/TODOS-01.jpg 1024w\" sizes=\"auto, (max-width: 800px) 100vw, 800px\" \/><\/p>\n<p>\u201cEspecialmente el compromiso por San Juan, con Walberto a la cabeza que ya defiende minuto a minuto los intereses de la provincia en el Congreso Nacional. Hoy fue una jornada hist\u00f3rica donde por primera vez tuvimos una elecci\u00f3n en contexto de pandemia\u201d, dijo el gobernador.<\/p>\n<p>U\u00f1ac destac\u00f3 que el resultado obtenido por el Frente es positivo, con triunfos en 15 de los 19 departamentos de la provincia, \u201cseg\u00fan nuestros n\u00fameros el Frente sum\u00f3 el 42 % cifra que se va actualizando\u201d, se\u00f1al\u00f3. Y mencion\u00f3 los departamentos en los que el Frente sac\u00f3 un segundo lugar en los Departamentos de Capital, Rivadavia, Santa Luc\u00eda e Iglesia.<\/p>\n<p>\u201cQuiero felicitar a cada uno de los frentes que particip\u00f3 en estas elecciones porque fue una elecci\u00f3n tranquila. Tuvimos una campa\u00f1a electoral donde se ha respetado al otro y ha salido fortalecida la democracia. Se han cuidado los protocolos y la salud de los sanjuaninos y de los argentinos y en San Juan la participaci\u00f3n fue superior al 60 %\u201d, se\u00f1al\u00f3 el mandatario.<\/p>\n<p>Tambi\u00e9n dijo que m\u00e1s all\u00e1 de este resultado, que ahora hay que convalidar en las elecciones generales, \u201cha ganado San Juan, ha ganado el pa\u00eds, ha ganado la sociedad sanjuanina que se ha podido expresar de la mejor manera. Yo repito mi agradecimiento por estos seis a\u00f1os de trabajo en conjunto, fuera de pandemia y en pandemia, ya que producto del esfuerzo de todos los sanjuaninos las cifras de la provincia se destacan en el pa\u00eds\u201d, asegur\u00f3.<\/p>\n<p>Luego cont\u00f3 que habl\u00f3 con los principales l\u00edderes de los frentes de la oposici\u00f3n y hubo felicitaciones cruzadas por esta jornada que termin\u00f3 en paz y en la que gan\u00f3 la democracia sanjuanina y argentina.<\/p>\n<p>&nbsp;<\/p>\n<p>&nbsp;<\/p>\n<p>&nbsp;<\/p>\n<p>&nbsp;<\/p>\n<p>&nbsp;<\/p>\n","protected":false},"excerpt":{"rendered":"<p>Apenas pasada la hora 21 del domingo, 12 de Septiembre, el gobernador de San Juan y presidente del Frente de<\/p>\n","protected":false},"author":3,"featured_media":41785,"comment_status":"closed","ping_status":"closed","sticky":false,"template":"","format":"standard","meta":{"_acf_changed":false,"_seopress_robots_primary_cat":"none","_seopress_titles_title":"","_seopress_titles_desc":"","_seopress_robots_index":"","colormag_page_container_layout":"default_layout","colormag_page_sidebar_layout":"default_layout","footnotes":""},"categories":[1],"tags":[],"class_list":["post-41788","post","type-post","status-publish","format-standard","has-post-thumbnail","hentry","category-destacadas"],"acf":[],"_links":{"self":[{"href":"https:\/\/vocesparalelas.com.ar\/sitio\/wp-json\/wp\/v2\/posts\/41788","targetHints":{"allow":["GET"]}}],"collection":[{"href":"https:\/\/vocesparalelas.com.ar\/sitio\/wp-json\/wp\/v2\/posts"}],"about":[{"href":"https:\/\/vocesparalelas.com.ar\/sitio\/wp-json\/wp\/v2\/types\/post"}],"author":[{"embeddable":true,"href":"https:\/\/vocesparalelas.com.ar\/sitio\/wp-json\/wp\/v2\/users\/3"}],"replies":[{"embeddable":true,"href":"https:\/\/vocesparalelas.com.ar\/sitio\/wp-json\/wp\/v2\/comments?post=41788"}],"version-history":[{"count":1,"href":"https:\/\/vocesparalelas.com.ar\/sitio\/wp-json\/wp\/v2\/posts\/41788\/revisions"}],"predecessor-version":[{"id":41790,"href":"https:\/\/vocesparalelas.com.ar\/sitio\/wp-json\/wp\/v2\/posts\/41788\/revisions\/41790"}],"wp:featuredmedia":[{"embeddable":true,"href":"https:\/\/vocesparalelas.com.ar\/sitio\/wp-json\/wp\/v2\/media\/41785"}],"wp:attachment":[{"href":"https:\/\/vocesparalelas.com.ar\/sitio\/wp-json\/wp\/v2\/media?parent=41788"}],"wp:term":[{"taxonomy":"category","embeddable":true,"href":"https:\/\/vocesparalelas.com.ar\/sitio\/wp-json\/wp\/v2\/categories?post=41788"},{"taxonomy":"post_tag","embeddable":true,"href":"https:\/\/vocesparalelas.com.ar\/sitio\/wp-json\/wp\/v2\/tags?post=41788"}],"curies":[{"name":"wp","href":"https:\/\/api.w.org\/{rel}","templated":true}]}}