{"id":41781,"date":"2021-09-12T13:24:10","date_gmt":"2021-09-12T16:24:10","guid":{"rendered":"https:\/\/vocesparalelas.com.ar\/sitio\/?p=41781"},"modified":"2021-09-12T23:24:24","modified_gmt":"2021-09-13T02:24:24","slug":"el-sistema-es-el-democratico-y-se-fortalece-con-el-voto","status":"publish","type":"post","link":"https:\/\/vocesparalelas.com.ar\/sitio\/el-sistema-es-el-democratico-y-se-fortalece-con-el-voto\/","title":{"rendered":"\u201cEl sistema es el democr\u00e1tico y se fortalece con el voto\u201d"},"content":{"rendered":"<p>El gobernador de San Juan, Dr. Sergio U\u00f1ac, vot\u00f3 pasadas las 11 hs.; del 12 de Septiembre, en el Colegio Profesor Froil\u00e1n J Ferrero, ubicado en la Villa Aberastain, departamento Pocito, donde naci\u00f3 y donde comenz\u00f3 su carrera pol\u00edtica como intendente. Destac\u00f3 que la elecci\u00f3n en la provincia se desarrolla con total normalidad.<\/p>\n<p>Durante toda la noche y a primera hora de la ma\u00f1ana el viento Zonda se hizo sentir en el Gran San Juan y el gobernador augur\u00f3 que \u201cesperemos que este Zonda que signifique una buena nevada en la alta cordillera que nos ayude con la actual crisis h\u00eddrica\u201d.<\/p>\n<p>En la puerta de la escuela, U\u00f1ac asegur\u00f3 que \u201cel sistema es el democr\u00e1tico y se fortalece con el voto. Esperamos que todo San Juan se puede expresar\u201d.<\/p>\n<p>Cont\u00f3 que se comunic\u00f3 con intendentes y presidentes de junta de toda la provincia quienes le manifestaron que la elecci\u00f3n se estaba desarrollando con total normalidad. \u201cLa elecci\u00f3n se presenta normal, los registros dan cuenta de que \u00e9sta ser\u00e1 una jornada tranquila\u201d.<\/p>\n<p>En los departamentos alejados de la provincia se registr\u00f3 mucha participaci\u00f3n en una elecci\u00f3n absolutamente distinta por los protocolos sanitarios y U\u00f1ac pidi\u00f3 a todos los frentes que se eviten los tradicionales festejos. \u201cCada uno podr\u00e1 destacar el triunfo de acuerdo al voto de los sanjuaninos, pero no podemos juntar gente y menos en lugares cerrados\u201d, advirti\u00f3 el gobernador de San juan.<\/p>\n<p>Agreg\u00f3 que los sanjuaninos han valorado los cuidados realizados durante la campa\u00f1a en la que no se realizaron actos multitudinarios como los que se realizaban antes de la pandemia. Fue una campa\u00f1a con caminatas tranquilas donde se mostr\u00f3 que San Juan ha obtenido los primeros resultados en los \u00edndices de recuperaci\u00f3n econ\u00f3mica y sanitaria. \u201cVale la pena reconocer lo que hemos logrado los sanjuaninos\u201d, asegur\u00f3.<\/p>\n<p>Destac\u00f3 el gobernador que en esta campa\u00f1a diferente los precandidatos se dedicaron a escuchar \u201cy lo hicimos en cada barrio y con cada vecino, despu\u00e9s queda expresarse en las urnas, que es lo m\u00e1s importante\u201d, dijo.<\/p>\n<p>Record\u00f3 que la pandemia ha dejado millones de muertos en el mundo y que es necesario seguir con los cuidados y protocolos, por eso repiti\u00f3 el pedido de esperar los resultados con tranquilidad, y sin alterar los protocolos m\u00e1s all\u00e1 de los resultados.<\/p>\n<p>Tambi\u00e9n destac\u00f3 el mandatario la calidad y el nivel de la campa\u00f1a en San Juan: \u201cHa sido una campa\u00f1a limpia y estamos orgullosos de eso\u201d.<\/p>\n<p>Cont\u00f3 que pasar\u00e1 parte de la jornada en su casa con su familia y despu\u00e9s, esperara los resultados. \u201cVamos a tratar de ser efectivos y r\u00e1pidos para obtener los resultados de estas elecciones PASO\u201d, dijo U\u00f1ac.<\/p>\n<p>En San Juan hay 579.913 personas habilitadas para votar en 1.728 mesas distribuidas en 272 escuelas para estas elecciones legislativas Primarias, Abiertas, Simult\u00e1neas y Obligatorias \u2013 PASO &#8211; en las que se eligen tres candidatos a diputados nacionales.<\/p>\n<p><img loading=\"lazy\" decoding=\"async\" class=\"alignnone wp-image-41784 size-large\" src=\"https:\/\/vocesparalelas.com.ar\/sitio\/wp-content\/uploads\/2021\/09\/UNAC-VOTO-03-800x534.jpg\" alt=\"\" width=\"800\" height=\"534\" srcset=\"https:\/\/vocesparalelas.com.ar\/sitio\/wp-content\/uploads\/2021\/09\/UNAC-VOTO-03-800x534.jpg 800w, https:\/\/vocesparalelas.com.ar\/sitio\/wp-content\/uploads\/2021\/09\/UNAC-VOTO-03-300x200.jpg 300w, https:\/\/vocesparalelas.com.ar\/sitio\/wp-content\/uploads\/2021\/09\/UNAC-VOTO-03-768x513.jpg 768w, https:\/\/vocesparalelas.com.ar\/sitio\/wp-content\/uploads\/2021\/09\/UNAC-VOTO-03.jpg 1024w\" sizes=\"auto, (max-width: 800px) 100vw, 800px\" \/><\/p>\n<p>&nbsp;<\/p>\n<p>&nbsp;<\/p>\n<p>&nbsp;<\/p>\n","protected":false},"excerpt":{"rendered":"<p>El gobernador de San Juan, Dr. Sergio U\u00f1ac, vot\u00f3 pasadas las 11 hs.; del 12 de Septiembre, en el Colegio<\/p>\n","protected":false},"author":3,"featured_media":41783,"comment_status":"closed","ping_status":"closed","sticky":false,"template":"","format":"standard","meta":{"_acf_changed":false,"_seopress_robots_primary_cat":"none","_seopress_titles_title":"","_seopress_titles_desc":"","_seopress_robots_index":"","colormag_page_container_layout":"default_layout","colormag_page_sidebar_layout":"default_layout","footnotes":""},"categories":[1],"tags":[],"class_list":["post-41781","post","type-post","status-publish","format-standard","has-post-thumbnail","hentry","category-destacadas"],"acf":[],"_links":{"self":[{"href":"https:\/\/vocesparalelas.com.ar\/sitio\/wp-json\/wp\/v2\/posts\/41781","targetHints":{"allow":["GET"]}}],"collection":[{"href":"https:\/\/vocesparalelas.com.ar\/sitio\/wp-json\/wp\/v2\/posts"}],"about":[{"href":"https:\/\/vocesparalelas.com.ar\/sitio\/wp-json\/wp\/v2\/types\/post"}],"author":[{"embeddable":true,"href":"https:\/\/vocesparalelas.com.ar\/sitio\/wp-json\/wp\/v2\/users\/3"}],"replies":[{"embeddable":true,"href":"https:\/\/vocesparalelas.com.ar\/sitio\/wp-json\/wp\/v2\/comments?post=41781"}],"version-history":[{"count":1,"href":"https:\/\/vocesparalelas.com.ar\/sitio\/wp-json\/wp\/v2\/posts\/41781\/revisions"}],"predecessor-version":[{"id":41787,"href":"https:\/\/vocesparalelas.com.ar\/sitio\/wp-json\/wp\/v2\/posts\/41781\/revisions\/41787"}],"wp:featuredmedia":[{"embeddable":true,"href":"https:\/\/vocesparalelas.com.ar\/sitio\/wp-json\/wp\/v2\/media\/41783"}],"wp:attachment":[{"href":"https:\/\/vocesparalelas.com.ar\/sitio\/wp-json\/wp\/v2\/media?parent=41781"}],"wp:term":[{"taxonomy":"category","embeddable":true,"href":"https:\/\/vocesparalelas.com.ar\/sitio\/wp-json\/wp\/v2\/categories?post=41781"},{"taxonomy":"post_tag","embeddable":true,"href":"https:\/\/vocesparalelas.com.ar\/sitio\/wp-json\/wp\/v2\/tags?post=41781"}],"curies":[{"name":"wp","href":"https:\/\/api.w.org\/{rel}","templated":true}]}}