{"id":41714,"date":"2021-09-10T23:44:28","date_gmt":"2021-09-11T02:44:28","guid":{"rendered":"https:\/\/vocesparalelas.com.ar\/sitio\/?p=41714"},"modified":"2021-09-11T02:43:24","modified_gmt":"2021-09-11T05:43:24","slug":"feliz-dia-del-maestro-vs-pandemia-del-covid-19","status":"publish","type":"post","link":"https:\/\/vocesparalelas.com.ar\/sitio\/feliz-dia-del-maestro-vs-pandemia-del-covid-19\/","title":{"rendered":"Feliz D\u00eda del Maestro vs. Pandemia del COVID-19"},"content":{"rendered":"<p>El 11 de Septiembre se festeja el D\u00eda del Maestro en homenaje a Domingo Faustino Sarmiento, Pr\u00f3cer de la provincia de San Juan, quien falleci\u00f3 el 11 de Septiembre de 1888.<\/p>\n<p>Lleg\u00f3 a la Presidencia de la Naci\u00f3n entre 1868-1874 y en aquel per\u00edodo fue un gran impulsor por concientizar de la necesidad de una Ley de Educaci\u00f3n Argentina, sin embargo, fue bajo el gobierno de Julio Argentino Roca que se sancion\u00f3 la Ley N\u00b0 1420 de educaci\u00f3n universal, obligatoria, gratuita y laica.<\/p>\n<p>Durante el a\u00f1o 2020 y 2021 se produjo en el mundo la Pandemia del COVID-19, que cambi\u00f3 la modalidad de ense\u00f1anza donde el docente y los alumnos no tuvieron clases presenciales cambi\u00e1ndose con clases virtuales gracias a los avances de la tecnolog\u00eda. Quedarse en casa fue la consigna para evitar la propagaci\u00f3n del virus donde no s\u00f3lo qued\u00f3 truncada sino la vida de la poblaci\u00f3n, los acercamientos sociales y lo econ\u00f3mico fue perjudicado. Hasta que lleg\u00f3 la vacunaci\u00f3n que ha permitido frenar esta situaci\u00f3n sanitaria.<\/p>\n<p>En este contexto el l rol del docente cambi\u00f3 y los esfuerzos para impartir el conocimiento. Es as\u00ed, que los festejos y los encuentros quedaron detenidos en el tiempo.<\/p>\n<p>Voces Paralelas entrevist\u00f3 al Secretario General del gremio UDAP, Prof. Luis Lucero, quien realiz\u00f3 un an\u00e1lisis y un deseo muy profundo hacia el docente capaz de afrontar la pandemia para ser creativo e impartir el conocimiento de la mejor forma y alegr\u00eda a sus alumnos.<\/p>\n<p><iframe loading=\"lazy\" title=\"UDAP LUIS LUCERO\" width=\"800\" height=\"450\" src=\"https:\/\/www.youtube.com\/embed\/d6XuGlXYDfw?feature=oembed\" frameborder=\"0\" allow=\"accelerometer; autoplay; clipboard-write; encrypted-media; gyroscope; picture-in-picture\" allowfullscreen><\/iframe><\/p>\n<p>&nbsp;<\/p>\n<p>&nbsp;<\/p>\n<p>&nbsp;<\/p>\n","protected":false},"excerpt":{"rendered":"<p>El 11 de Septiembre se festeja el D\u00eda del Maestro en homenaje a Domingo Faustino Sarmiento, Pr\u00f3cer de la provincia<\/p>\n","protected":false},"author":3,"featured_media":27001,"comment_status":"closed","ping_status":"closed","sticky":false,"template":"","format":"video","meta":{"_acf_changed":false,"_seopress_robots_primary_cat":"none","_seopress_titles_title":"","_seopress_titles_desc":"","_seopress_robots_index":"","colormag_page_container_layout":"default_layout","colormag_page_sidebar_layout":"default_layout","footnotes":""},"categories":[1,7],"tags":[],"class_list":["post-41714","post","type-post","status-publish","format-video","has-post-thumbnail","hentry","category-destacadas","category-videos","post_format-post-format-video"],"acf":[],"_links":{"self":[{"href":"https:\/\/vocesparalelas.com.ar\/sitio\/wp-json\/wp\/v2\/posts\/41714","targetHints":{"allow":["GET"]}}],"collection":[{"href":"https:\/\/vocesparalelas.com.ar\/sitio\/wp-json\/wp\/v2\/posts"}],"about":[{"href":"https:\/\/vocesparalelas.com.ar\/sitio\/wp-json\/wp\/v2\/types\/post"}],"author":[{"embeddable":true,"href":"https:\/\/vocesparalelas.com.ar\/sitio\/wp-json\/wp\/v2\/users\/3"}],"replies":[{"embeddable":true,"href":"https:\/\/vocesparalelas.com.ar\/sitio\/wp-json\/wp\/v2\/comments?post=41714"}],"version-history":[{"count":1,"href":"https:\/\/vocesparalelas.com.ar\/sitio\/wp-json\/wp\/v2\/posts\/41714\/revisions"}],"predecessor-version":[{"id":41716,"href":"https:\/\/vocesparalelas.com.ar\/sitio\/wp-json\/wp\/v2\/posts\/41714\/revisions\/41716"}],"wp:featuredmedia":[{"embeddable":true,"href":"https:\/\/vocesparalelas.com.ar\/sitio\/wp-json\/wp\/v2\/media\/27001"}],"wp:attachment":[{"href":"https:\/\/vocesparalelas.com.ar\/sitio\/wp-json\/wp\/v2\/media?parent=41714"}],"wp:term":[{"taxonomy":"category","embeddable":true,"href":"https:\/\/vocesparalelas.com.ar\/sitio\/wp-json\/wp\/v2\/categories?post=41714"},{"taxonomy":"post_tag","embeddable":true,"href":"https:\/\/vocesparalelas.com.ar\/sitio\/wp-json\/wp\/v2\/tags?post=41714"}],"curies":[{"name":"wp","href":"https:\/\/api.w.org\/{rel}","templated":true}]}}