{"id":41700,"date":"2021-09-09T20:27:02","date_gmt":"2021-09-09T23:27:02","guid":{"rendered":"https:\/\/vocesparalelas.com.ar\/sitio\/?p=41700"},"modified":"2021-09-11T02:45:26","modified_gmt":"2021-09-11T05:45:26","slug":"133a-aniversario-del-paso-a-la-inmortalidad-de-domingo-f-sarmiento","status":"publish","type":"post","link":"https:\/\/vocesparalelas.com.ar\/sitio\/133a-aniversario-del-paso-a-la-inmortalidad-de-domingo-f-sarmiento\/","title":{"rendered":"133\u00aa Aniversario del paso a la inmortalidad de Domingo F. Sarmiento"},"content":{"rendered":"<p>El Viernes, 10 de Septiembre, a las 20 hs., en la peatonal Maestro de Am\u00e9rica se realiza el homenaje conmemorativo al cumplirse 133\u00aa Aniversario del paso a la inmortalidad de Domingo F. Sarmiento<\/p>\n<p>Por ello, el Museo y Biblioteca Casa Natal de Sarmiento, invita a la comunidad sanjuanina a participar.<\/p>\n<p>Es as\u00ed, \u201cCasa natal abre su coraz\u00f3n\u201d con un espect\u00e1culo de m\u00fasica, luces e im\u00e1genes con la actuaci\u00f3n del Coro Universitario de la UNSJ y se puede observar im\u00e1genes proyectadas en la fachada de la Casa Natal de Sarmiento.<\/p>\n<p>Se recomienda asistir con el cubre bocas y guardar la distancia social correspondiente.<\/p>\n<p>Los esperan para honrar con este homenaje, la memoria del m\u00e1ximo pr\u00f3cer de San Juan.<\/p>\n<p>\u00a1La Casa Natal abre su coraz\u00f3n para recibir a sus asistentes!!<\/p>\n<p>&nbsp;<\/p>\n<p>&nbsp;<\/p>\n","protected":false},"excerpt":{"rendered":"<p>El Viernes, 10 de Septiembre, a las 20 hs., en la peatonal Maestro de Am\u00e9rica se realiza el homenaje conmemorativo<\/p>\n","protected":false},"author":3,"featured_media":4268,"comment_status":"closed","ping_status":"closed","sticky":false,"template":"","format":"standard","meta":{"_acf_changed":false,"_seopress_robots_primary_cat":"none","_seopress_titles_title":"","_seopress_titles_desc":"","_seopress_robots_index":"","colormag_page_container_layout":"default_layout","colormag_page_sidebar_layout":"default_layout","footnotes":""},"categories":[1],"tags":[],"class_list":["post-41700","post","type-post","status-publish","format-standard","has-post-thumbnail","hentry","category-destacadas"],"acf":[],"_links":{"self":[{"href":"https:\/\/vocesparalelas.com.ar\/sitio\/wp-json\/wp\/v2\/posts\/41700","targetHints":{"allow":["GET"]}}],"collection":[{"href":"https:\/\/vocesparalelas.com.ar\/sitio\/wp-json\/wp\/v2\/posts"}],"about":[{"href":"https:\/\/vocesparalelas.com.ar\/sitio\/wp-json\/wp\/v2\/types\/post"}],"author":[{"embeddable":true,"href":"https:\/\/vocesparalelas.com.ar\/sitio\/wp-json\/wp\/v2\/users\/3"}],"replies":[{"embeddable":true,"href":"https:\/\/vocesparalelas.com.ar\/sitio\/wp-json\/wp\/v2\/comments?post=41700"}],"version-history":[{"count":1,"href":"https:\/\/vocesparalelas.com.ar\/sitio\/wp-json\/wp\/v2\/posts\/41700\/revisions"}],"predecessor-version":[{"id":41702,"href":"https:\/\/vocesparalelas.com.ar\/sitio\/wp-json\/wp\/v2\/posts\/41700\/revisions\/41702"}],"wp:featuredmedia":[{"embeddable":true,"href":"https:\/\/vocesparalelas.com.ar\/sitio\/wp-json\/wp\/v2\/media\/4268"}],"wp:attachment":[{"href":"https:\/\/vocesparalelas.com.ar\/sitio\/wp-json\/wp\/v2\/media?parent=41700"}],"wp:term":[{"taxonomy":"category","embeddable":true,"href":"https:\/\/vocesparalelas.com.ar\/sitio\/wp-json\/wp\/v2\/categories?post=41700"},{"taxonomy":"post_tag","embeddable":true,"href":"https:\/\/vocesparalelas.com.ar\/sitio\/wp-json\/wp\/v2\/tags?post=41700"}],"curies":[{"name":"wp","href":"https:\/\/api.w.org\/{rel}","templated":true}]}}