{"id":41691,"date":"2021-09-09T23:08:28","date_gmt":"2021-09-10T02:08:28","guid":{"rendered":"https:\/\/vocesparalelas.com.ar\/sitio\/?p=41691"},"modified":"2021-09-10T01:14:34","modified_gmt":"2021-09-10T04:14:34","slug":"detalles-de-las-elecciones-paso-2021-destinada-al-comportamiento-de-los-ciudadanos-al-momento-de-votar-en-pandemia","status":"publish","type":"post","link":"https:\/\/vocesparalelas.com.ar\/sitio\/detalles-de-las-elecciones-paso-2021-destinada-al-comportamiento-de-los-ciudadanos-al-momento-de-votar-en-pandemia\/","title":{"rendered":"Detalles de las elecciones Paso 2021 destinada al comportamiento de los ciudadanos al momento de votar en Pandemia"},"content":{"rendered":"<p>En conferencia de prensa el Juez del Juzgado Federal N\u00b0 1 con Competencia Electoral de San Juan, Dr. Miguel \u00c1ngel G\u00e1lvez, la Prosecretaria electoral, Dra. Patricia Pugliese y el Secretario electoral, Dr. Edgardo Ben\u00edtez, fueron los responsables de brindar detalles de las elecciones Paso 2021, destinada al comportamiento de los ciudadanos al momento de votar frente al respeto sanitario contra el COVID-19<\/p>\n<p>Por ello, el Secretario electoral, Dr. Edgardo Ben\u00edtez, pidi\u00f3 a la poblaci\u00f3n votante de San Juan respete los cuidados necesarios sanitarios para que todo el acto se lleve de acuerdo a lo dispuesto, el Domingo, 12 de Septiembre, de 8 a 18 hs.<\/p>\n<p><iframe loading=\"lazy\" title=\"PASO SAN JUAN\" width=\"800\" height=\"450\" src=\"https:\/\/www.youtube.com\/embed\/oZj9nK4Ly_g?feature=oembed\" frameborder=\"0\" allow=\"accelerometer; autoplay; clipboard-write; encrypted-media; gyroscope; picture-in-picture\" allowfullscreen><\/iframe><\/p>\n<p>&nbsp;<\/p>\n<p><img loading=\"lazy\" decoding=\"async\" class=\"alignnone wp-image-41696 size-full\" src=\"https:\/\/vocesparalelas.com.ar\/sitio\/wp-content\/uploads\/2021\/09\/PASO-ELECCIONES-01.jpg\" alt=\"\" width=\"800\" height=\"533\" srcset=\"https:\/\/vocesparalelas.com.ar\/sitio\/wp-content\/uploads\/2021\/09\/PASO-ELECCIONES-01.jpg 800w, https:\/\/vocesparalelas.com.ar\/sitio\/wp-content\/uploads\/2021\/09\/PASO-ELECCIONES-01-300x200.jpg 300w, https:\/\/vocesparalelas.com.ar\/sitio\/wp-content\/uploads\/2021\/09\/PASO-ELECCIONES-01-768x512.jpg 768w\" sizes=\"auto, (max-width: 800px) 100vw, 800px\" \/><\/p>\n<p>&nbsp;<\/p>\n<p><img loading=\"lazy\" decoding=\"async\" class=\"alignnone wp-image-41693 size-full\" src=\"https:\/\/vocesparalelas.com.ar\/sitio\/wp-content\/uploads\/2021\/09\/PASO-2021-3.jpg\" alt=\"\" width=\"717\" height=\"1024\" \/><\/p>\n<p>&nbsp;<\/p>\n<p><img loading=\"lazy\" decoding=\"async\" class=\"alignnone wp-image-41694 size-full\" src=\"https:\/\/vocesparalelas.com.ar\/sitio\/wp-content\/uploads\/2021\/09\/PASO-2021-1.jpg\" alt=\"\" width=\"707\" height=\"1024\" \/><\/p>\n<p><img loading=\"lazy\" decoding=\"async\" class=\"alignnone wp-image-41695 size-full\" src=\"https:\/\/vocesparalelas.com.ar\/sitio\/wp-content\/uploads\/2021\/09\/PASO-2021-4.jpg\" alt=\"\" width=\"725\" height=\"1024\" \/><\/p>\n","protected":false},"excerpt":{"rendered":"<p>En conferencia de prensa el Juez del Juzgado Federal N\u00b0 1 con Competencia Electoral de San Juan, Dr. Miguel \u00c1ngel<\/p>\n","protected":false},"author":3,"featured_media":41697,"comment_status":"closed","ping_status":"closed","sticky":false,"template":"","format":"standard","meta":{"_acf_changed":false,"_seopress_robots_primary_cat":"none","_seopress_titles_title":"","_seopress_titles_desc":"","_seopress_robots_index":"","colormag_page_container_layout":"default_layout","colormag_page_sidebar_layout":"default_layout","footnotes":""},"categories":[1],"tags":[],"class_list":["post-41691","post","type-post","status-publish","format-standard","has-post-thumbnail","hentry","category-destacadas"],"acf":[],"_links":{"self":[{"href":"https:\/\/vocesparalelas.com.ar\/sitio\/wp-json\/wp\/v2\/posts\/41691","targetHints":{"allow":["GET"]}}],"collection":[{"href":"https:\/\/vocesparalelas.com.ar\/sitio\/wp-json\/wp\/v2\/posts"}],"about":[{"href":"https:\/\/vocesparalelas.com.ar\/sitio\/wp-json\/wp\/v2\/types\/post"}],"author":[{"embeddable":true,"href":"https:\/\/vocesparalelas.com.ar\/sitio\/wp-json\/wp\/v2\/users\/3"}],"replies":[{"embeddable":true,"href":"https:\/\/vocesparalelas.com.ar\/sitio\/wp-json\/wp\/v2\/comments?post=41691"}],"version-history":[{"count":1,"href":"https:\/\/vocesparalelas.com.ar\/sitio\/wp-json\/wp\/v2\/posts\/41691\/revisions"}],"predecessor-version":[{"id":41698,"href":"https:\/\/vocesparalelas.com.ar\/sitio\/wp-json\/wp\/v2\/posts\/41691\/revisions\/41698"}],"wp:featuredmedia":[{"embeddable":true,"href":"https:\/\/vocesparalelas.com.ar\/sitio\/wp-json\/wp\/v2\/media\/41697"}],"wp:attachment":[{"href":"https:\/\/vocesparalelas.com.ar\/sitio\/wp-json\/wp\/v2\/media?parent=41691"}],"wp:term":[{"taxonomy":"category","embeddable":true,"href":"https:\/\/vocesparalelas.com.ar\/sitio\/wp-json\/wp\/v2\/categories?post=41691"},{"taxonomy":"post_tag","embeddable":true,"href":"https:\/\/vocesparalelas.com.ar\/sitio\/wp-json\/wp\/v2\/tags?post=41691"}],"curies":[{"name":"wp","href":"https:\/\/api.w.org\/{rel}","templated":true}]}}