{"id":41678,"date":"2021-09-09T21:35:59","date_gmt":"2021-09-10T00:35:59","guid":{"rendered":"https:\/\/vocesparalelas.com.ar\/sitio\/?p=41678"},"modified":"2021-09-11T02:44:37","modified_gmt":"2021-09-11T05:44:37","slug":"frente-de-todos-con-sus-precandidatos-se-reunieron-con-periodistas-para-trabajar-por-san-juan","status":"publish","type":"post","link":"https:\/\/vocesparalelas.com.ar\/sitio\/frente-de-todos-con-sus-precandidatos-se-reunieron-con-periodistas-para-trabajar-por-san-juan\/","title":{"rendered":"Frente de Todos con sus precandidatos se reunieron con periodistas para trabajar por San Juan"},"content":{"rendered":"<p>En la sede del Sindicato Uni\u00f3n Obreros Estaciones de Servicio, el gobernador de San Juan y l\u00edder del Frente de Todos, el Dr. Sergio U\u00f1ac, convoc\u00f3 a los periodistas San Juan para tener la \u00faltima charla sobre la campa\u00f1a y las elecciones PASO 2021, antes de la veda electoral.<\/p>\n<figure id=\"attachment_41680\" aria-describedby=\"caption-attachment-41680\" style=\"width: 800px\" class=\"wp-caption alignnone\"><img loading=\"lazy\" decoding=\"async\" class=\"wp-image-41680 size-full\" src=\"https:\/\/vocesparalelas.com.ar\/sitio\/wp-content\/uploads\/2021\/09\/UNAC.jpg\" alt=\"\" width=\"800\" height=\"533\" srcset=\"https:\/\/vocesparalelas.com.ar\/sitio\/wp-content\/uploads\/2021\/09\/UNAC.jpg 800w, https:\/\/vocesparalelas.com.ar\/sitio\/wp-content\/uploads\/2021\/09\/UNAC-300x200.jpg 300w, https:\/\/vocesparalelas.com.ar\/sitio\/wp-content\/uploads\/2021\/09\/UNAC-768x512.jpg 768w\" sizes=\"auto, (max-width: 800px) 100vw, 800px\" \/><figcaption id=\"caption-attachment-41680\" class=\"wp-caption-text\">gobernador de San Juan y l\u00edder del Frente de Todos, el Dr. Sergio U\u00f1ac<\/figcaption><\/figure>\n<p>El primer mandatario agradeci\u00f3 a todos los precandidatos, nombr\u00e1ndolos uno por uno, y resalt\u00f3 que durante la campa\u00f1a para las elecciones que definir\u00e1n los candidatos a diputados nacionales del Frente, se expusieron hechos, cifras, ideas, \u201cno peleas personales\u201d. Adem\u00e1s, se hizo en el contexto de la primera campa\u00f1a en el marco de pandemia.<\/p>\n<p><iframe loading=\"lazy\" title=\"DR SERGIO U\u00d1AC\" width=\"800\" height=\"450\" src=\"https:\/\/www.youtube.com\/embed\/Kjf4jwqF9bo?feature=oembed\" frameborder=\"0\" allow=\"accelerometer; autoplay; clipboard-write; encrypted-media; gyroscope; picture-in-picture\" allowfullscreen><\/iframe><\/p>\n<p>&nbsp;<\/p>\n<figure id=\"attachment_41681\" aria-describedby=\"caption-attachment-41681\" style=\"width: 800px\" class=\"wp-caption alignnone\"><img loading=\"lazy\" decoding=\"async\" class=\"wp-image-41681 size-full\" src=\"https:\/\/vocesparalelas.com.ar\/sitio\/wp-content\/uploads\/2021\/09\/FABIOLA-AUBONE.jpg\" alt=\"\" width=\"800\" height=\"533\" srcset=\"https:\/\/vocesparalelas.com.ar\/sitio\/wp-content\/uploads\/2021\/09\/FABIOLA-AUBONE.jpg 800w, https:\/\/vocesparalelas.com.ar\/sitio\/wp-content\/uploads\/2021\/09\/FABIOLA-AUBONE-300x200.jpg 300w, https:\/\/vocesparalelas.com.ar\/sitio\/wp-content\/uploads\/2021\/09\/FABIOLA-AUBONE-768x512.jpg 768w\" sizes=\"auto, (max-width: 800px) 100vw, 800px\" \/><figcaption id=\"caption-attachment-41681\" class=\"wp-caption-text\">Dra. Fabiola Aubone, ministro de Gobierno y precandidata en segundo t\u00e9rmino<\/figcaption><\/figure>\n<p>&nbsp;<\/p>\n<p>Dra. Fabiola Aubone, ministro de Gobierno y precandidata en segundo t\u00e9rmino asegur\u00f3 que coordinar el Acuerdo San Juan fue una gran experiencia. \u201cUno puede tener ideas y trabajar pero es muy valioso recibir las ideas de los j\u00f3venes, de los emprendedores, de los empresarios, que dicen quiero seguir apostando a San Juan y necesito ah\u00ed un Estado presente que me d\u00e9 certezas, que pueda tener ganancias, generar trabajo y desarrollarme en mi tierra\u00bb.<\/p>\n<p><iframe loading=\"lazy\" title=\"TODOS\" width=\"800\" height=\"450\" src=\"https:\/\/www.youtube.com\/embed\/RAVBO4bdTEQ?feature=oembed\" frameborder=\"0\" allow=\"accelerometer; autoplay; clipboard-write; encrypted-media; gyroscope; picture-in-picture\" allowfullscreen><\/iframe><\/p>\n<p>&nbsp;<\/p>\n<p>En la lista los suplentes est\u00e1n como candidatos Ing. Marita Benavente, Marcelo Trujillo y Noelia Tortarolo. Por ello, la Ing. Marita Benavente dijo que \u00abesta campa\u00f1a la gente hizo distintos tipos de pedidos pero la mayor\u00eda estaban vinculados a la necesidad de trabajo registrado. Otras inquietudes estaban m\u00e1s ligadas a lo municipal\u00bb.<\/p>\n<p><iframe loading=\"lazy\" title=\"TODOS\" width=\"800\" height=\"450\" src=\"https:\/\/www.youtube.com\/embed\/8eE26Ed8PiU?feature=oembed\" frameborder=\"0\" allow=\"accelerometer; autoplay; clipboard-write; encrypted-media; gyroscope; picture-in-picture\" allowfullscreen><\/iframe><\/p>\n<p>&nbsp;<\/p>\n<figure id=\"attachment_41684\" aria-describedby=\"caption-attachment-41684\" style=\"width: 800px\" class=\"wp-caption alignnone\"><img loading=\"lazy\" decoding=\"async\" class=\"wp-image-41684 size-full\" src=\"https:\/\/vocesparalelas.com.ar\/sitio\/wp-content\/uploads\/2021\/09\/BLOQUISTA.jpg\" alt=\"\" width=\"800\" height=\"533\" srcset=\"https:\/\/vocesparalelas.com.ar\/sitio\/wp-content\/uploads\/2021\/09\/BLOQUISTA.jpg 800w, https:\/\/vocesparalelas.com.ar\/sitio\/wp-content\/uploads\/2021\/09\/BLOQUISTA-300x200.jpg 300w, https:\/\/vocesparalelas.com.ar\/sitio\/wp-content\/uploads\/2021\/09\/BLOQUISTA-768x512.jpg 768w\" sizes=\"auto, (max-width: 800px) 100vw, 800px\" \/><figcaption id=\"caption-attachment-41684\" class=\"wp-caption-text\">El secretario de Unidad Gobernaci\u00f3n y precandidato en tercer t\u00e9rmino, Luis Rueda, destac\u00f3 la decisi\u00f3n del Bloquismo, partido que preside y ser parte del Frente de Todos con una lista \u00fanica<\/figcaption><\/figure>\n<p>Manifest\u00f3 que \u00abcreo que es la mejor decisi\u00f3n estar en este Frente con una lista \u00fanica porque en las internas quedan heridas y despu\u00e9s es dif\u00edcil reconstruir; pon\u00edamos en riesgo algunos departamentos como ya pas\u00f3. En el partido se charl\u00f3 mucho y la mayor\u00eda decidi\u00f3 ser parte con lista \u00fanica\u00bb.<\/p>\n<p><iframe loading=\"lazy\" title=\"TODOS\" width=\"800\" height=\"450\" src=\"https:\/\/www.youtube.com\/embed\/5vHBrIZZVQU?feature=oembed\" frameborder=\"0\" allow=\"accelerometer; autoplay; clipboard-write; encrypted-media; gyroscope; picture-in-picture\" allowfullscreen><\/iframe><\/p>\n<p>Walberto Allende, diputado nacional y precandidato en primer t\u00e9rmino, pidi\u00f3 un gran acuerdo nacional para el 2022 subray\u00f3 que \u00abArgentina est\u00e1 en una situaci\u00f3n compleja, hay que dejar las diferencias de lado y ponernos de acuerdo. No podemos estar discutiendo todos los d\u00edas por algo nuevo. El a\u00f1o que viene no es a\u00f1o electoral, sin la urna en la cabeza tenemos que buscar el gran consenso nacional como se hizo ac\u00e1 con el Acuerdo San Juan\u201d.<\/p>\n<p><iframe loading=\"lazy\" title=\"TODOS\" width=\"800\" height=\"450\" src=\"https:\/\/www.youtube.com\/embed\/eup9nHMozx0?feature=oembed\" frameborder=\"0\" allow=\"accelerometer; autoplay; clipboard-write; encrypted-media; gyroscope; picture-in-picture\" allowfullscreen><\/iframe><\/p>\n<p>&nbsp;<\/p>\n<p>&nbsp;<\/p>\n<p>&nbsp;<\/p>\n<p>&nbsp;<\/p>\n","protected":false},"excerpt":{"rendered":"<p>En la sede del Sindicato Uni\u00f3n Obreros Estaciones de Servicio, el gobernador de San Juan y l\u00edder del Frente de<\/p>\n","protected":false},"author":3,"featured_media":41683,"comment_status":"closed","ping_status":"closed","sticky":false,"template":"","format":"video","meta":{"_acf_changed":false,"_seopress_robots_primary_cat":"none","_seopress_titles_title":"","_seopress_titles_desc":"","_seopress_robots_index":"","colormag_page_container_layout":"default_layout","colormag_page_sidebar_layout":"default_layout","footnotes":""},"categories":[1,7],"tags":[],"class_list":["post-41678","post","type-post","status-publish","format-video","has-post-thumbnail","hentry","category-destacadas","category-videos","post_format-post-format-video"],"acf":[],"_links":{"self":[{"href":"https:\/\/vocesparalelas.com.ar\/sitio\/wp-json\/wp\/v2\/posts\/41678","targetHints":{"allow":["GET"]}}],"collection":[{"href":"https:\/\/vocesparalelas.com.ar\/sitio\/wp-json\/wp\/v2\/posts"}],"about":[{"href":"https:\/\/vocesparalelas.com.ar\/sitio\/wp-json\/wp\/v2\/types\/post"}],"author":[{"embeddable":true,"href":"https:\/\/vocesparalelas.com.ar\/sitio\/wp-json\/wp\/v2\/users\/3"}],"replies":[{"embeddable":true,"href":"https:\/\/vocesparalelas.com.ar\/sitio\/wp-json\/wp\/v2\/comments?post=41678"}],"version-history":[{"count":1,"href":"https:\/\/vocesparalelas.com.ar\/sitio\/wp-json\/wp\/v2\/posts\/41678\/revisions"}],"predecessor-version":[{"id":41685,"href":"https:\/\/vocesparalelas.com.ar\/sitio\/wp-json\/wp\/v2\/posts\/41678\/revisions\/41685"}],"wp:featuredmedia":[{"embeddable":true,"href":"https:\/\/vocesparalelas.com.ar\/sitio\/wp-json\/wp\/v2\/media\/41683"}],"wp:attachment":[{"href":"https:\/\/vocesparalelas.com.ar\/sitio\/wp-json\/wp\/v2\/media?parent=41678"}],"wp:term":[{"taxonomy":"category","embeddable":true,"href":"https:\/\/vocesparalelas.com.ar\/sitio\/wp-json\/wp\/v2\/categories?post=41678"},{"taxonomy":"post_tag","embeddable":true,"href":"https:\/\/vocesparalelas.com.ar\/sitio\/wp-json\/wp\/v2\/tags?post=41678"}],"curies":[{"name":"wp","href":"https:\/\/api.w.org\/{rel}","templated":true}]}}