{"id":41675,"date":"2021-09-09T23:02:37","date_gmt":"2021-09-10T02:02:37","guid":{"rendered":"https:\/\/vocesparalelas.com.ar\/sitio\/?p=41675"},"modified":"2021-09-12T23:47:29","modified_gmt":"2021-09-13T02:47:29","slug":"capacitacion-gratuita-ludo-experien-tekas-para-docentes-del-nivel-inicial","status":"publish","type":"post","link":"https:\/\/vocesparalelas.com.ar\/sitio\/capacitacion-gratuita-ludo-experien-tekas-para-docentes-del-nivel-inicial\/","title":{"rendered":"Capacitaci\u00f3n gratuita \u201cLudo experien tekas\u201d para docentes del Nivel Inicial"},"content":{"rendered":"<p>La Direcci\u00f3n de Nivel Inicial del Ministerio de Educaci\u00f3n convoca a los docentes a la capacitaci\u00f3n gratuita sobre \u201cLudo experien tekas\u201d, organizado por Gabinetes T\u00e9cnicos Interdisciplinarios que se desarrolla en el marco de la Semana de Nivel Inicial del 13 al 17 de septiembre, en la sede del Dep\u00f3sito del Ministerio de Educaci\u00f3n, ubicado en 9 de Julio 1515, este Santa Luc\u00eda<\/p>\n<p>Est\u00e1 destinado a docentes de Nivel Inicial, los interesados deben inscribirse en<\/p>\n<p><a href=\"https:\/\/forms.gle\/GPjFLy2xYXUccLbt6\">https:\/\/forms.gle\/GPjFLy2xYXUccLbt6<\/a><\/p>\n","protected":false},"excerpt":{"rendered":"<p>La Direcci\u00f3n de Nivel Inicial del Ministerio de Educaci\u00f3n convoca a los docentes a la capacitaci\u00f3n gratuita sobre \u201cLudo experien<\/p>\n","protected":false},"author":3,"featured_media":38208,"comment_status":"closed","ping_status":"closed","sticky":false,"template":"","format":"standard","meta":{"_acf_changed":false,"_seopress_robots_primary_cat":"none","_seopress_titles_title":"","_seopress_titles_desc":"","_seopress_robots_index":"","colormag_page_container_layout":"default_layout","colormag_page_sidebar_layout":"default_layout","footnotes":""},"categories":[9],"tags":[],"class_list":["post-41675","post","type-post","status-publish","format-standard","has-post-thumbnail","hentry","category-cursos"],"acf":[],"_links":{"self":[{"href":"https:\/\/vocesparalelas.com.ar\/sitio\/wp-json\/wp\/v2\/posts\/41675","targetHints":{"allow":["GET"]}}],"collection":[{"href":"https:\/\/vocesparalelas.com.ar\/sitio\/wp-json\/wp\/v2\/posts"}],"about":[{"href":"https:\/\/vocesparalelas.com.ar\/sitio\/wp-json\/wp\/v2\/types\/post"}],"author":[{"embeddable":true,"href":"https:\/\/vocesparalelas.com.ar\/sitio\/wp-json\/wp\/v2\/users\/3"}],"replies":[{"embeddable":true,"href":"https:\/\/vocesparalelas.com.ar\/sitio\/wp-json\/wp\/v2\/comments?post=41675"}],"version-history":[{"count":1,"href":"https:\/\/vocesparalelas.com.ar\/sitio\/wp-json\/wp\/v2\/posts\/41675\/revisions"}],"predecessor-version":[{"id":41677,"href":"https:\/\/vocesparalelas.com.ar\/sitio\/wp-json\/wp\/v2\/posts\/41675\/revisions\/41677"}],"wp:featuredmedia":[{"embeddable":true,"href":"https:\/\/vocesparalelas.com.ar\/sitio\/wp-json\/wp\/v2\/media\/38208"}],"wp:attachment":[{"href":"https:\/\/vocesparalelas.com.ar\/sitio\/wp-json\/wp\/v2\/media?parent=41675"}],"wp:term":[{"taxonomy":"category","embeddable":true,"href":"https:\/\/vocesparalelas.com.ar\/sitio\/wp-json\/wp\/v2\/categories?post=41675"},{"taxonomy":"post_tag","embeddable":true,"href":"https:\/\/vocesparalelas.com.ar\/sitio\/wp-json\/wp\/v2\/tags?post=41675"}],"curies":[{"name":"wp","href":"https:\/\/api.w.org\/{rel}","templated":true}]}}