{"id":41659,"date":"2021-09-08T23:31:35","date_gmt":"2021-09-09T02:31:35","guid":{"rendered":"https:\/\/vocesparalelas.com.ar\/sitio\/?p=41659"},"modified":"2021-09-09T01:41:48","modified_gmt":"2021-09-09T04:41:48","slug":"buscan-las-clases-presenciales-en-las-unidades-academicas-de-la-unsj","status":"publish","type":"post","link":"https:\/\/vocesparalelas.com.ar\/sitio\/buscan-las-clases-presenciales-en-las-unidades-academicas-de-la-unsj\/","title":{"rendered":"Buscan las clases presenciales en las Unidades Acad\u00e9micas de la UNSJ"},"content":{"rendered":"<p>El Rector de la UNSJ, Ing. Tadeo Berenguer, manifest\u00f3 a los periodistas San Juan sobre la b\u00fasqueda de las clases\u00a0 presenciales de los alumnos y docentes en las 5 Facultades de la Universidad Nacional de San Juan. La gran inter\u00e9s en aquellas c\u00e1tedras que necesitan pr\u00e1cticas y que deben ser presenciales.<\/p>\n<p><iframe loading=\"lazy\" title=\"UNSJ RECTOR ING TADEO BERENGUER\" width=\"800\" height=\"450\" src=\"https:\/\/www.youtube.com\/embed\/k-9NCIAI4DE?feature=oembed\" frameborder=\"0\" allow=\"accelerometer; autoplay; clipboard-write; encrypted-media; gyroscope; picture-in-picture\" allowfullscreen><\/iframe><\/p>\n<p>Estas manifestaciones fueron realizadas antes de encontrarse con el vicegobernador, CPN Roberto Gattoni, en la C\u00e1mara de Diputados de San Juan.<\/p>\n<p>Es importante recordar que durante el 2020 por la pandemia del COVID-19 se suspendieron por las medidas sanitarias y transita el 2021 la situaci\u00f3n contin\u00faa de la misma manera cuando existen muchas carreras de grado que necesitan partes pr\u00e1cticas de aprendizaje y que los alumnos y docentes deben transitar juntos. Adem\u00e1s, los alumnos y docentes est\u00e1n vacunados contra el COVID aunque existen alumnos y docentes que necesitan completar con la 2\u00b0 dosis. Hay realidades diferentes y que hay que esperar que la situaci\u00f3n se revierta para volver a la normalidad educativa para que todos puedan lograr una formaci\u00f3n de conocimiento m\u00e1s efectivo donde entran en juego las vivencias de compartir.<\/p>\n","protected":false},"excerpt":{"rendered":"<p>El Rector de la UNSJ, Ing. Tadeo Berenguer, manifest\u00f3 a los periodistas San Juan sobre la b\u00fasqueda de las clases\u00a0<\/p>\n","protected":false},"author":3,"featured_media":41635,"comment_status":"closed","ping_status":"closed","sticky":false,"template":"","format":"video","meta":{"_acf_changed":false,"_seopress_robots_primary_cat":"none","_seopress_titles_title":"","_seopress_titles_desc":"","_seopress_robots_index":"","colormag_page_container_layout":"default_layout","colormag_page_sidebar_layout":"default_layout","footnotes":""},"categories":[1,7],"tags":[],"class_list":["post-41659","post","type-post","status-publish","format-video","has-post-thumbnail","hentry","category-destacadas","category-videos","post_format-post-format-video"],"acf":[],"_links":{"self":[{"href":"https:\/\/vocesparalelas.com.ar\/sitio\/wp-json\/wp\/v2\/posts\/41659","targetHints":{"allow":["GET"]}}],"collection":[{"href":"https:\/\/vocesparalelas.com.ar\/sitio\/wp-json\/wp\/v2\/posts"}],"about":[{"href":"https:\/\/vocesparalelas.com.ar\/sitio\/wp-json\/wp\/v2\/types\/post"}],"author":[{"embeddable":true,"href":"https:\/\/vocesparalelas.com.ar\/sitio\/wp-json\/wp\/v2\/users\/3"}],"replies":[{"embeddable":true,"href":"https:\/\/vocesparalelas.com.ar\/sitio\/wp-json\/wp\/v2\/comments?post=41659"}],"version-history":[{"count":3,"href":"https:\/\/vocesparalelas.com.ar\/sitio\/wp-json\/wp\/v2\/posts\/41659\/revisions"}],"predecessor-version":[{"id":41664,"href":"https:\/\/vocesparalelas.com.ar\/sitio\/wp-json\/wp\/v2\/posts\/41659\/revisions\/41664"}],"wp:featuredmedia":[{"embeddable":true,"href":"https:\/\/vocesparalelas.com.ar\/sitio\/wp-json\/wp\/v2\/media\/41635"}],"wp:attachment":[{"href":"https:\/\/vocesparalelas.com.ar\/sitio\/wp-json\/wp\/v2\/media?parent=41659"}],"wp:term":[{"taxonomy":"category","embeddable":true,"href":"https:\/\/vocesparalelas.com.ar\/sitio\/wp-json\/wp\/v2\/categories?post=41659"},{"taxonomy":"post_tag","embeddable":true,"href":"https:\/\/vocesparalelas.com.ar\/sitio\/wp-json\/wp\/v2\/tags?post=41659"}],"curies":[{"name":"wp","href":"https:\/\/api.w.org\/{rel}","templated":true}]}}