{"id":41648,"date":"2021-09-09T00:06:57","date_gmt":"2021-09-09T03:06:57","guid":{"rendered":"https:\/\/vocesparalelas.com.ar\/sitio\/?p=41648"},"modified":"2021-09-11T02:46:02","modified_gmt":"2021-09-11T05:46:02","slug":"actividades-en-las-escuelas-de-san-juan-donde-los-ciudadanos-votan-para-la-instancia-electoral-paso","status":"publish","type":"post","link":"https:\/\/vocesparalelas.com.ar\/sitio\/actividades-en-las-escuelas-de-san-juan-donde-los-ciudadanos-votan-para-la-instancia-electoral-paso\/","title":{"rendered":"Actividades en las escuelas de San Juan donde los ciudadanos votan para la instancia electoral PASO"},"content":{"rendered":"<p>El Ministerio de Educaci\u00f3n del Gobierno de San Juan informa que en las escuelas en las que se vota el domingo 12\/09 no habr\u00e1 actividad escolar este viernes 10 de septiembre en los turnos vespertino y nocturno. Tampoco el s\u00e1bado 11, ni el lunes 13 en turno ma\u00f1ana.<\/p>\n<p>La Justicia Electoral afect\u00f3 272 establecimientos educativos para las PASO.<\/p>\n<p>Por log\u00edstica, para el aseo y empapelado, para acondicionar las aulas que har\u00e1n de cuarto oscuro, no tendr\u00e1n clases el viernes en los turnos vespertino y nocturno los alumnos que concurren a establecimientos en los que se sufraga. Ni el s\u00e1bado 11, en las Escuelas Sedes donde se desarrollan las tutor\u00edas de fortalecimiento educativo.<\/p>\n<p>Mientras que el lunes 13 de septiembre pos elecciones, los alumnos del turno ma\u00f1ana no deber\u00e1n asistir a las escuelas afectadas a los comicios, reanudando normalmente la actividad en los turnos vespertino y nocturno.<\/p>\n<p>Cabe consignar que el Ministerio de Educaci\u00f3n entreg\u00f3 a los directores de las escuelas afectadas a las elecciones los kits para empapelar las aulas que ser\u00e1n cuartos oscuros.<\/p>\n<p>El personal de Servicios Generales, porteros o maestranzas, deber\u00e1 adecuar correctamente las aulas que ser\u00e1n utilizadas como cuarto oscuro con el material entregado por el ministerio. Autoridades y personal general tambi\u00e9n tendr\u00e1n que corroborar el cumplimiento al decreto 2135 del C\u00f3digo Electoral que establece la prohibici\u00f3n de carteles, insignias, pintadas o im\u00e1genes pol\u00edticas en el edificio.<\/p>\n<p>Se recuerda a la poblaci\u00f3n que las instituciones educativas est\u00e1n bajo estricto protocolo sanitario preventivo, por lo que se les solicita cuidar la higiene de las instalaciones.<\/p>\n","protected":false},"excerpt":{"rendered":"<p>El Ministerio de Educaci\u00f3n del Gobierno de San Juan informa que en las escuelas en las que se vota el<\/p>\n","protected":false},"author":3,"featured_media":41650,"comment_status":"closed","ping_status":"closed","sticky":false,"template":"","format":"standard","meta":{"_acf_changed":false,"_seopress_robots_primary_cat":"none","_seopress_titles_title":"","_seopress_titles_desc":"","_seopress_robots_index":"","colormag_page_container_layout":"default_layout","colormag_page_sidebar_layout":"default_layout","footnotes":""},"categories":[6],"tags":[],"class_list":["post-41648","post","type-post","status-publish","format-standard","has-post-thumbnail","hentry","category-eventos"],"acf":[],"_links":{"self":[{"href":"https:\/\/vocesparalelas.com.ar\/sitio\/wp-json\/wp\/v2\/posts\/41648","targetHints":{"allow":["GET"]}}],"collection":[{"href":"https:\/\/vocesparalelas.com.ar\/sitio\/wp-json\/wp\/v2\/posts"}],"about":[{"href":"https:\/\/vocesparalelas.com.ar\/sitio\/wp-json\/wp\/v2\/types\/post"}],"author":[{"embeddable":true,"href":"https:\/\/vocesparalelas.com.ar\/sitio\/wp-json\/wp\/v2\/users\/3"}],"replies":[{"embeddable":true,"href":"https:\/\/vocesparalelas.com.ar\/sitio\/wp-json\/wp\/v2\/comments?post=41648"}],"version-history":[{"count":1,"href":"https:\/\/vocesparalelas.com.ar\/sitio\/wp-json\/wp\/v2\/posts\/41648\/revisions"}],"predecessor-version":[{"id":41651,"href":"https:\/\/vocesparalelas.com.ar\/sitio\/wp-json\/wp\/v2\/posts\/41648\/revisions\/41651"}],"wp:featuredmedia":[{"embeddable":true,"href":"https:\/\/vocesparalelas.com.ar\/sitio\/wp-json\/wp\/v2\/media\/41650"}],"wp:attachment":[{"href":"https:\/\/vocesparalelas.com.ar\/sitio\/wp-json\/wp\/v2\/media?parent=41648"}],"wp:term":[{"taxonomy":"category","embeddable":true,"href":"https:\/\/vocesparalelas.com.ar\/sitio\/wp-json\/wp\/v2\/categories?post=41648"},{"taxonomy":"post_tag","embeddable":true,"href":"https:\/\/vocesparalelas.com.ar\/sitio\/wp-json\/wp\/v2\/tags?post=41648"}],"curies":[{"name":"wp","href":"https:\/\/api.w.org\/{rel}","templated":true}]}}