{"id":41642,"date":"2021-09-08T22:12:49","date_gmt":"2021-09-09T01:12:49","guid":{"rendered":"https:\/\/vocesparalelas.com.ar\/sitio\/?p=41642"},"modified":"2021-09-10T01:28:33","modified_gmt":"2021-09-10T04:28:33","slug":"el-dni-no-te-lo-llevaron-a-tu-domicilio-buscalo-en-el-registro-civil-donde-hiciste-el-tramite","status":"publish","type":"post","link":"https:\/\/vocesparalelas.com.ar\/sitio\/el-dni-no-te-lo-llevaron-a-tu-domicilio-buscalo-en-el-registro-civil-donde-hiciste-el-tramite\/","title":{"rendered":"El DNI no te lo llevaron a tu domicilio b\u00fascalo en el Registro Civil donde hiciste el tr\u00e1mite"},"content":{"rendered":"<p>El Ministerio de Gobierno de San Juan, a trav\u00e9s de la Direcci\u00f3n de Registro de Estado Civil y Capacidad de las Personas, brind\u00f3 detalles de c\u00f3mo acceder al retiro del DNI si lo tramitaste y, cumplido el plazo, no lleg\u00f3 a tu domicilio.<\/p>\n<p>Si tramitaste tu DNI y no lleg\u00f3 a tu casa, ac\u00e9rcate por la oficina del Registro Civil donde realizaste el tr\u00e1mite y ret\u00edralo.<\/p>\n<p><span style=\"color: #339966;\"><strong>Durante la semana el Registro Civil cumplir\u00e1 doble horario:<\/strong> <\/span>de 7.30 a 12.30 y de 14.30 a 19.30 en sede central, delegaci\u00f3n J\u00e1chal y delegaci\u00f3n Caucete.<\/p>\n<p><span style=\"color: #339966;\"><strong>En el resto de las\u00a0delegaciones de la provincia<\/strong><\/span>, de 7.30 a 12.30 horas<\/p>\n<p><a href=\"https:\/\/sisanjuan.gob.ar\/ministerio-de-gobierno\/2021-08-28\/34707-registro-civil-conoce-ubicacion-y-funcionamiento-de-las-delegaciones-zonales\">https:\/\/sisanjuan.gob.ar\/ministerio-de-gobierno\/2021-08-28\/34707-registro-civil-conoce-ubicacion-y-funcionamiento-de-las-delegaciones-zonales<\/a><\/p>\n<p><span style=\"color: #339966;\"><strong>Atenci\u00f3n Especial en Elecciones<\/strong><\/span><\/p>\n<ul>\n<li><span style=\"color: #339966;\"><strong>Sede Central:<\/strong><\/span>\u00a0s\u00e1bado 11 y domingo 12, de 8 a 18 horas.\u00a0<strong>&#8211;<\/strong><\/li>\n<li><span style=\"color: #339966;\"><strong>Delegaciones departamentales:<\/strong><\/span>\u00a0domingo 12, de 8 a 18 horas (Chimbas, Rivadavia, 25 de Mayo, Rawson (CIC de Villa Krause), Barreal, Caucete, Rodeo, J\u00e1chal, Valle F\u00e9rtil, Pocito, Media Agua.<\/li>\n<li><span style=\"color: #339966;\"><strong>Albard\u00f3n, San Mart\u00edn, Angaco, Ullum, Zonda:<\/strong>\u00a0<\/span>domingo 12, de 8 a 17 horas.<\/li>\n<\/ul>\n<p><strong><span style=\"color: #339966;\">Importante:<\/span><\/strong><\/p>\n<ul>\n<li>El DNI se conserva en la delegaci\u00f3n durante 1 a\u00f1o.<\/li>\n<li>El DNI digital no sirve para votar<\/li>\n<li>En caso de urgencia, pod\u00e9s tramitar el DNI expr\u00e9s<\/li>\n<\/ul>\n<p><a href=\"https:\/\/sisanjuan.gob.ar\/ministerio-de-gobierno\/2021-08-09\/34190-dni-express-una-opcion-mas-rapida\">https:\/\/sisanjuan.gob.ar\/ministerio-de-gobierno\/2021-08-09\/34190-dni-express-una-opcion-mas-rapida<\/a><\/p>\n<p>&nbsp;<\/p>\n","protected":false},"excerpt":{"rendered":"<p>El Ministerio de Gobierno de San Juan, a trav\u00e9s de la Direcci\u00f3n de Registro de Estado Civil y Capacidad de<\/p>\n","protected":false},"author":3,"featured_media":41644,"comment_status":"closed","ping_status":"closed","sticky":false,"template":"","format":"standard","meta":{"_acf_changed":false,"_seopress_robots_primary_cat":"none","_seopress_titles_title":"","_seopress_titles_desc":"","_seopress_robots_index":"","colormag_page_container_layout":"default_layout","colormag_page_sidebar_layout":"default_layout","footnotes":""},"categories":[6],"tags":[],"class_list":["post-41642","post","type-post","status-publish","format-standard","has-post-thumbnail","hentry","category-eventos"],"acf":[],"_links":{"self":[{"href":"https:\/\/vocesparalelas.com.ar\/sitio\/wp-json\/wp\/v2\/posts\/41642","targetHints":{"allow":["GET"]}}],"collection":[{"href":"https:\/\/vocesparalelas.com.ar\/sitio\/wp-json\/wp\/v2\/posts"}],"about":[{"href":"https:\/\/vocesparalelas.com.ar\/sitio\/wp-json\/wp\/v2\/types\/post"}],"author":[{"embeddable":true,"href":"https:\/\/vocesparalelas.com.ar\/sitio\/wp-json\/wp\/v2\/users\/3"}],"replies":[{"embeddable":true,"href":"https:\/\/vocesparalelas.com.ar\/sitio\/wp-json\/wp\/v2\/comments?post=41642"}],"version-history":[{"count":1,"href":"https:\/\/vocesparalelas.com.ar\/sitio\/wp-json\/wp\/v2\/posts\/41642\/revisions"}],"predecessor-version":[{"id":41645,"href":"https:\/\/vocesparalelas.com.ar\/sitio\/wp-json\/wp\/v2\/posts\/41642\/revisions\/41645"}],"wp:featuredmedia":[{"embeddable":true,"href":"https:\/\/vocesparalelas.com.ar\/sitio\/wp-json\/wp\/v2\/media\/41644"}],"wp:attachment":[{"href":"https:\/\/vocesparalelas.com.ar\/sitio\/wp-json\/wp\/v2\/media?parent=41642"}],"wp:term":[{"taxonomy":"category","embeddable":true,"href":"https:\/\/vocesparalelas.com.ar\/sitio\/wp-json\/wp\/v2\/categories?post=41642"},{"taxonomy":"post_tag","embeddable":true,"href":"https:\/\/vocesparalelas.com.ar\/sitio\/wp-json\/wp\/v2\/tags?post=41642"}],"curies":[{"name":"wp","href":"https:\/\/api.w.org\/{rel}","templated":true}]}}