{"id":41602,"date":"2021-09-08T19:13:33","date_gmt":"2021-09-08T22:13:33","guid":{"rendered":"https:\/\/vocesparalelas.com.ar\/sitio\/?p=41602"},"modified":"2021-09-08T21:26:26","modified_gmt":"2021-09-09T00:26:26","slug":"2jornadas-de-investigacion-de-residentes-del-equipo-de-salud-que-fortalece-la-salud-publica-de-san-juan","status":"publish","type":"post","link":"https:\/\/vocesparalelas.com.ar\/sitio\/2jornadas-de-investigacion-de-residentes-del-equipo-de-salud-que-fortalece-la-salud-publica-de-san-juan\/","title":{"rendered":"2\u00b0Jornadas de Investigaci\u00f3n de Residentes del Equipo de Salud que fortalece la Salud P\u00fablica de San Juan"},"content":{"rendered":"<p>El 14; 15 y 16 de Septiembre, de 8 a 13:30 hs.; en modalidad virtual, se desarrolla la 2\u00b0Jornadas de Investigaci\u00f3n de Residentes del Equipo de Salud.<\/p>\n<p>En la oportunidad, se presentan los trabajos de Investigaci\u00f3n de los Residentes de 4\u00b0a\u00f1o de todas las especialidades y sedes que egresan el 30 de Septiembre de 2021.<\/p>\n<p>Las jornadas se realiza de manera virtual y con la disertaci\u00f3n de la Dra. Ana Palmero \u201cLa Importancia de la Evaluaci\u00f3n \u00c9tica de las Investigaciones en Salud\u201d, durante el cierre.<\/p>\n<p>Es importante destacar que la Dra. Ana Palmero es abogada, coordinadora del \u00c1rea de \u00c9tica en Investigaci\u00f3n, coordinadora del Comit\u00e9 Nacional Asesor de \u00c9tica en Investigaci\u00f3n \u2013 Direcci\u00f3n Nacional de Investigaci\u00f3n del Ministerio de Salud de la Naci\u00f3n.<\/p>\n<p>La actividad est\u00e1 organizada por el \u00e1rea Residencias M\u00e9dicas del Ministerio de Salud P\u00fablica.<\/p>\n<figure id=\"attachment_41633\" aria-describedby=\"caption-attachment-41633\" style=\"width: 800px\" class=\"wp-caption alignnone\"><img loading=\"lazy\" decoding=\"async\" class=\"wp-image-41633 size-full\" src=\"https:\/\/vocesparalelas.com.ar\/sitio\/wp-content\/uploads\/2021\/09\/DRA-ANDREA-PEREZ-POZO-02.jpg\" alt=\"\" width=\"800\" height=\"533\" srcset=\"https:\/\/vocesparalelas.com.ar\/sitio\/wp-content\/uploads\/2021\/09\/DRA-ANDREA-PEREZ-POZO-02.jpg 800w, https:\/\/vocesparalelas.com.ar\/sitio\/wp-content\/uploads\/2021\/09\/DRA-ANDREA-PEREZ-POZO-02-300x200.jpg 300w, https:\/\/vocesparalelas.com.ar\/sitio\/wp-content\/uploads\/2021\/09\/DRA-ANDREA-PEREZ-POZO-02-768x512.jpg 768w\" sizes=\"auto, (max-width: 800px) 100vw, 800px\" \/><figcaption id=\"caption-attachment-41633\" class=\"wp-caption-text\">Jefa\u00a0 de la Divisi\u00f3n de Recursos Humanos y Capacitaci\u00f3n del Ministerio de Salud P\u00fablica del Gobierno de San Juan, Dra. Andrea P\u00e9rez Pazo<\/figcaption><\/figure>\n<p>Por ello, Voces Paralelas desarroll\u00f3 una entrevista Period\u00edstica a Jefa\u00a0 de la Divisi\u00f3n de Recursos Humanos y Capacitaci\u00f3n del Ministerio de Salud P\u00fablica del Gobierno de San Juan, Dra. Andrea P\u00e9rez Pazo, quien describi\u00f3 su funci\u00f3n y explic\u00f3 lo que significa la 2\u00b0Jornadas de Investigaci\u00f3n de Residentes del Equipo de Salud. Donde se manifiesta otra fase interesante para fortalecer la Salud P\u00fablica al servicio de la poblaci\u00f3n de San Juan.<\/p>\n<p><iframe loading=\"lazy\" title=\"DRA ANDREA PEREZ PAZO\" width=\"800\" height=\"450\" src=\"https:\/\/www.youtube.com\/embed\/MCdz7oVTAAQ?feature=oembed\" frameborder=\"0\" allow=\"accelerometer; autoplay; clipboard-write; encrypted-media; gyroscope; picture-in-picture\" allowfullscreen><\/iframe><\/p>\n<p>&nbsp;<\/p>\n<p><img loading=\"lazy\" decoding=\"async\" class=\"alignnone wp-image-1245 size-large\" src=\"https:\/\/vocesparalelas.com.ar\/sitio\/wp-content\/uploads\/2017\/05\/CASA-DE-GOBIERNO-01-800x534.jpg\" alt=\"\" width=\"800\" height=\"534\" srcset=\"https:\/\/vocesparalelas.com.ar\/sitio\/wp-content\/uploads\/2017\/05\/CASA-DE-GOBIERNO-01.jpg 800w, https:\/\/vocesparalelas.com.ar\/sitio\/wp-content\/uploads\/2017\/05\/CASA-DE-GOBIERNO-01-300x200.jpg 300w, https:\/\/vocesparalelas.com.ar\/sitio\/wp-content\/uploads\/2017\/05\/CASA-DE-GOBIERNO-01-768x513.jpg 768w\" sizes=\"auto, (max-width: 800px) 100vw, 800px\" \/><\/p>\n<p>&nbsp;<\/p>\n","protected":false},"excerpt":{"rendered":"<p>El 14; 15 y 16 de Septiembre, de 8 a 13:30 hs.; en modalidad virtual, se desarrolla la 2\u00b0Jornadas de<\/p>\n","protected":false},"author":3,"featured_media":41634,"comment_status":"closed","ping_status":"closed","sticky":false,"template":"","format":"video","meta":{"_acf_changed":false,"_seopress_robots_primary_cat":"none","_seopress_titles_title":"","_seopress_titles_desc":"","_seopress_robots_index":"","colormag_page_container_layout":"default_layout","colormag_page_sidebar_layout":"default_layout","footnotes":""},"categories":[1,7],"tags":[],"class_list":["post-41602","post","type-post","status-publish","format-video","has-post-thumbnail","hentry","category-destacadas","category-videos","post_format-post-format-video"],"acf":[],"_links":{"self":[{"href":"https:\/\/vocesparalelas.com.ar\/sitio\/wp-json\/wp\/v2\/posts\/41602","targetHints":{"allow":["GET"]}}],"collection":[{"href":"https:\/\/vocesparalelas.com.ar\/sitio\/wp-json\/wp\/v2\/posts"}],"about":[{"href":"https:\/\/vocesparalelas.com.ar\/sitio\/wp-json\/wp\/v2\/types\/post"}],"author":[{"embeddable":true,"href":"https:\/\/vocesparalelas.com.ar\/sitio\/wp-json\/wp\/v2\/users\/3"}],"replies":[{"embeddable":true,"href":"https:\/\/vocesparalelas.com.ar\/sitio\/wp-json\/wp\/v2\/comments?post=41602"}],"version-history":[{"count":5,"href":"https:\/\/vocesparalelas.com.ar\/sitio\/wp-json\/wp\/v2\/posts\/41602\/revisions"}],"predecessor-version":[{"id":41641,"href":"https:\/\/vocesparalelas.com.ar\/sitio\/wp-json\/wp\/v2\/posts\/41602\/revisions\/41641"}],"wp:featuredmedia":[{"embeddable":true,"href":"https:\/\/vocesparalelas.com.ar\/sitio\/wp-json\/wp\/v2\/media\/41634"}],"wp:attachment":[{"href":"https:\/\/vocesparalelas.com.ar\/sitio\/wp-json\/wp\/v2\/media?parent=41602"}],"wp:term":[{"taxonomy":"category","embeddable":true,"href":"https:\/\/vocesparalelas.com.ar\/sitio\/wp-json\/wp\/v2\/categories?post=41602"},{"taxonomy":"post_tag","embeddable":true,"href":"https:\/\/vocesparalelas.com.ar\/sitio\/wp-json\/wp\/v2\/tags?post=41602"}],"curies":[{"name":"wp","href":"https:\/\/api.w.org\/{rel}","templated":true}]}}