{"id":41581,"date":"2021-09-07T20:19:01","date_gmt":"2021-09-07T23:19:01","guid":{"rendered":"https:\/\/vocesparalelas.com.ar\/sitio\/?p=41581"},"modified":"2021-09-09T01:48:59","modified_gmt":"2021-09-09T04:48:59","slug":"la-presencialidad-de-los-docentes-de-la-unsj-depende-de-la-inoculacion-de-la-2-dosis-de-la-vacuna-contra-el-covid-19","status":"publish","type":"post","link":"https:\/\/vocesparalelas.com.ar\/sitio\/la-presencialidad-de-los-docentes-de-la-unsj-depende-de-la-inoculacion-de-la-2-dosis-de-la-vacuna-contra-el-covid-19\/","title":{"rendered":"La presencialidad de los docentes de la UNSJ depende de la inoculaci\u00f3n de la 2\u00b0 dosis de la vacuna contra el COVID-19"},"content":{"rendered":"<p>La Comisi\u00f3n Negociadora Paritaria de Nivel Particular de los Docentes Universitarios de la Universidad Nacional de San Juan, con representantes de la UNSJ y de las entidades gremiales docentes de ADICUS, SIDUNSJ \u2013 CONADU y UDA se reunieron recientemente y en Acta Acuerdo Local N\u00ba 108 estableci\u00f3 lo siguiente para que entre en vigencia hasta el fin del a\u00f1o acad\u00e9mico 2021:<\/p>\n<ul>\n<li>Adherir y hacer efectiva la Resoluci\u00f3n Conjunta N\u00ba 4\/2021 del Ministerio de Trabajo y del Ministerio de Salud de la Naci\u00f3n.<\/li>\n<li>Dejar sin efecto las Res. N\u00ba 1284 \u2013R- 21 y Res N\u00ba 1955 \u2013R- 21 e instrumentar un nuevo acto resolutivo referido a las dispensas para el personal docente de la UNSJ con enfermedades con inmunodeficiencias, oncol\u00f3gicos o trasplantados, y trabajadoras embarazadas. El cese de las dispensas quedar\u00e1 sujeto a la segunda dosis de la vacuna contra el Covid 19 y transcurridos los 14 d\u00edas corridos desde la inoculaci\u00f3n.<\/li>\n<li>Adherir a la Resoluci\u00f3n N\u00ba 400\/2021 del Consejo Federal de Educaci\u00f3n, aplicando la Condici\u00f3n Admisible contemplada en esta norma, respetando estrictamente los protocolos vigentes, las condiciones de bioseguridad, edilicias y de trabajo.<\/li>\n<li>Que la tarea docente presencial estar\u00e1 sujeta a las siguientes condiciones: estricto cumplimiento de los protocolos vigentes, condiciones de bioseguridad y la inoculaci\u00f3n de la segunda dosis de la vacuna contra el Covid 19 transcurridos los 14 d\u00edas corridos de inoculaci\u00f3n.<\/li>\n<li>Que las actividades de Educaci\u00f3n F\u00edsica puedan ser realizadas sin la aplicaci\u00f3n de burbujas siempre y cuando sea al aire libre.<\/li>\n<li>Que las solicitudes de licencias y\/o dispensas que no hayan sido aprobadas por el Departamento de Control M\u00e9dico sean tratadas por una Junta M\u00e9dica, como lo estipula el Art. N\u00ba 47 del Convenio Colectivo de Trabajo del Personal Docente.<\/li>\n<li>Adherir y hacer efectiva la Resoluci\u00f3n N\u00ba 60\/2021 del Ministerio de Trabajo, Empleo y Seguridad Social de la Naci\u00f3n en su Anexo II por la cual se consideran justificadas las inasistencias por cuidado de menores en edad escolar, de acuerdo a las condiciones establecidas en ella. Cada Unidad Acad\u00e9mica instrumentar\u00e1 y recepcionar\u00e1 el formulario de notificaci\u00f3n ante estos casos.<\/li>\n<\/ul>\n","protected":false},"excerpt":{"rendered":"<p>La Comisi\u00f3n Negociadora Paritaria de Nivel Particular de los Docentes Universitarios de la Universidad Nacional de San Juan, con representantes<\/p>\n","protected":false},"author":3,"featured_media":41584,"comment_status":"closed","ping_status":"closed","sticky":false,"template":"","format":"standard","meta":{"_acf_changed":false,"_seopress_robots_primary_cat":"none","_seopress_titles_title":"","_seopress_titles_desc":"","_seopress_robots_index":"","colormag_page_container_layout":"default_layout","colormag_page_sidebar_layout":"default_layout","footnotes":""},"categories":[5],"tags":[],"class_list":["post-41581","post","type-post","status-publish","format-standard","has-post-thumbnail","hentry","category-ofrecimientos"],"acf":[],"_links":{"self":[{"href":"https:\/\/vocesparalelas.com.ar\/sitio\/wp-json\/wp\/v2\/posts\/41581","targetHints":{"allow":["GET"]}}],"collection":[{"href":"https:\/\/vocesparalelas.com.ar\/sitio\/wp-json\/wp\/v2\/posts"}],"about":[{"href":"https:\/\/vocesparalelas.com.ar\/sitio\/wp-json\/wp\/v2\/types\/post"}],"author":[{"embeddable":true,"href":"https:\/\/vocesparalelas.com.ar\/sitio\/wp-json\/wp\/v2\/users\/3"}],"replies":[{"embeddable":true,"href":"https:\/\/vocesparalelas.com.ar\/sitio\/wp-json\/wp\/v2\/comments?post=41581"}],"version-history":[{"count":1,"href":"https:\/\/vocesparalelas.com.ar\/sitio\/wp-json\/wp\/v2\/posts\/41581\/revisions"}],"predecessor-version":[{"id":41585,"href":"https:\/\/vocesparalelas.com.ar\/sitio\/wp-json\/wp\/v2\/posts\/41581\/revisions\/41585"}],"wp:featuredmedia":[{"embeddable":true,"href":"https:\/\/vocesparalelas.com.ar\/sitio\/wp-json\/wp\/v2\/media\/41584"}],"wp:attachment":[{"href":"https:\/\/vocesparalelas.com.ar\/sitio\/wp-json\/wp\/v2\/media?parent=41581"}],"wp:term":[{"taxonomy":"category","embeddable":true,"href":"https:\/\/vocesparalelas.com.ar\/sitio\/wp-json\/wp\/v2\/categories?post=41581"},{"taxonomy":"post_tag","embeddable":true,"href":"https:\/\/vocesparalelas.com.ar\/sitio\/wp-json\/wp\/v2\/tags?post=41581"}],"curies":[{"name":"wp","href":"https:\/\/api.w.org\/{rel}","templated":true}]}}