{"id":41575,"date":"2021-09-07T13:11:15","date_gmt":"2021-09-07T16:11:15","guid":{"rendered":"https:\/\/vocesparalelas.com.ar\/sitio\/?p=41575"},"modified":"2021-09-07T13:11:15","modified_gmt":"2021-09-07T16:11:15","slug":"la-actividad-escolar-es-normal-en-las-escuelas-de-san-juan","status":"publish","type":"post","link":"https:\/\/vocesparalelas.com.ar\/sitio\/la-actividad-escolar-es-normal-en-las-escuelas-de-san-juan\/","title":{"rendered":"La actividad escolar es normal en las Escuelas de San Juan"},"content":{"rendered":"<p>El Ministerio de Educaci\u00f3n informa que la actividad escolar es normal, tras la evaluaci\u00f3n realizada por Protecci\u00f3n Civil de las condiciones meteorol\u00f3gicas que comprende a la provincia.<\/p>\n<p>Seg\u00fan lo indicado este fen\u00f3meno clim\u00e1tico origin\u00f3\u00a0 descenso de temperatura y abundante nubosidad, ocasionando granizo y precipitaciones aisladas, las que se mantendr\u00e1n durante toda la jornada, con similares condiciones seg\u00fan el informe del Servicio Meteorol\u00f3gico Nacional.<\/p>\n<p>Est\u00e1n monitoreando si hay sectores afectados especialmente en departamentos alejados\u00a0 o zonas abiertas, sin edificios que hagan de contenci\u00f3n\u00a0 que, es donde se percibe con mayor intensidad. De surgir alguna novedad que requiera necesariamente la suspensi\u00f3n se comunicar\u00e1.<\/p>\n<p>La actividad escolar es normal. Los padres que a su criterio\u00a0 consideren que no es conveniente, pueden decidir no enviar a sus hijos a la escuela.<\/p>\n","protected":false},"excerpt":{"rendered":"<p>El Ministerio de Educaci\u00f3n informa que la actividad escolar es normal, tras la evaluaci\u00f3n realizada por Protecci\u00f3n Civil de las<\/p>\n","protected":false},"author":3,"featured_media":28629,"comment_status":"closed","ping_status":"closed","sticky":false,"template":"","format":"standard","meta":{"_acf_changed":false,"_seopress_robots_primary_cat":"none","_seopress_titles_title":"","_seopress_titles_desc":"","_seopress_robots_index":"","colormag_page_container_layout":"default_layout","colormag_page_sidebar_layout":"default_layout","footnotes":""},"categories":[1],"tags":[],"class_list":["post-41575","post","type-post","status-publish","format-standard","has-post-thumbnail","hentry","category-destacadas"],"acf":[],"_links":{"self":[{"href":"https:\/\/vocesparalelas.com.ar\/sitio\/wp-json\/wp\/v2\/posts\/41575","targetHints":{"allow":["GET"]}}],"collection":[{"href":"https:\/\/vocesparalelas.com.ar\/sitio\/wp-json\/wp\/v2\/posts"}],"about":[{"href":"https:\/\/vocesparalelas.com.ar\/sitio\/wp-json\/wp\/v2\/types\/post"}],"author":[{"embeddable":true,"href":"https:\/\/vocesparalelas.com.ar\/sitio\/wp-json\/wp\/v2\/users\/3"}],"replies":[{"embeddable":true,"href":"https:\/\/vocesparalelas.com.ar\/sitio\/wp-json\/wp\/v2\/comments?post=41575"}],"version-history":[{"count":1,"href":"https:\/\/vocesparalelas.com.ar\/sitio\/wp-json\/wp\/v2\/posts\/41575\/revisions"}],"predecessor-version":[{"id":41577,"href":"https:\/\/vocesparalelas.com.ar\/sitio\/wp-json\/wp\/v2\/posts\/41575\/revisions\/41577"}],"wp:featuredmedia":[{"embeddable":true,"href":"https:\/\/vocesparalelas.com.ar\/sitio\/wp-json\/wp\/v2\/media\/28629"}],"wp:attachment":[{"href":"https:\/\/vocesparalelas.com.ar\/sitio\/wp-json\/wp\/v2\/media?parent=41575"}],"wp:term":[{"taxonomy":"category","embeddable":true,"href":"https:\/\/vocesparalelas.com.ar\/sitio\/wp-json\/wp\/v2\/categories?post=41575"},{"taxonomy":"post_tag","embeddable":true,"href":"https:\/\/vocesparalelas.com.ar\/sitio\/wp-json\/wp\/v2\/tags?post=41575"}],"curies":[{"name":"wp","href":"https:\/\/api.w.org\/{rel}","templated":true}]}}