{"id":41560,"date":"2021-09-06T21:06:36","date_gmt":"2021-09-07T00:06:36","guid":{"rendered":"https:\/\/vocesparalelas.com.ar\/sitio\/?p=41560"},"modified":"2021-09-06T21:06:36","modified_gmt":"2021-09-07T00:06:36","slug":"se-reunio-la-comision-de-justicia-y-seguridad-de-la-camara-de-diputados-de-san-juan","status":"publish","type":"post","link":"https:\/\/vocesparalelas.com.ar\/sitio\/se-reunio-la-comision-de-justicia-y-seguridad-de-la-camara-de-diputados-de-san-juan\/","title":{"rendered":"Se reuni\u00f3 la Comisi\u00f3n de Justicia y Seguridad de la C\u00e1mara de Diputados de San Juan"},"content":{"rendered":"<div class=\"itemFullText jbintrotext\">\n<p>Durante la ma\u00f1ana del Lunes, 06 de Septiembre, los integrantes de la Comisi\u00f3n de Justicia y Seguridad, presidida por su titular, diputada Dra. Celina Ramella; avanzaron en el estudio de diferentes proyectos que tienen estado parlamentario.<\/p>\n<\/div>\n<div class=\"itemFullText\">\n<p>La reuni\u00f3n fue realizada en la sala de situaci\u00f3n el bloque Justicialista ubicada en el segundo piso del edificio Legislativo.<\/p>\n<p>En la ocasi\u00f3n, leyeron los informes remitidos por los organismos pertinentes de cada asunto tratado, uno de ellos referido a la pirotecnia sonora cero; y otro a la prohibici\u00f3n a las Playas de Estacionamientos de poner carteles que eximan de responsabilidades.<\/p>\n<\/div>\n<p>&nbsp;<\/p>\n","protected":false},"excerpt":{"rendered":"<p>Durante la ma\u00f1ana del Lunes, 06 de Septiembre, los integrantes de la Comisi\u00f3n de Justicia y Seguridad, presidida por su<\/p>\n","protected":false},"author":3,"featured_media":41562,"comment_status":"closed","ping_status":"closed","sticky":false,"template":"","format":"standard","meta":{"_acf_changed":false,"_seopress_robots_primary_cat":"none","_seopress_titles_title":"","_seopress_titles_desc":"","_seopress_robots_index":"","colormag_page_container_layout":"default_layout","colormag_page_sidebar_layout":"default_layout","footnotes":""},"categories":[1],"tags":[],"class_list":["post-41560","post","type-post","status-publish","format-standard","has-post-thumbnail","hentry","category-destacadas"],"acf":[],"_links":{"self":[{"href":"https:\/\/vocesparalelas.com.ar\/sitio\/wp-json\/wp\/v2\/posts\/41560","targetHints":{"allow":["GET"]}}],"collection":[{"href":"https:\/\/vocesparalelas.com.ar\/sitio\/wp-json\/wp\/v2\/posts"}],"about":[{"href":"https:\/\/vocesparalelas.com.ar\/sitio\/wp-json\/wp\/v2\/types\/post"}],"author":[{"embeddable":true,"href":"https:\/\/vocesparalelas.com.ar\/sitio\/wp-json\/wp\/v2\/users\/3"}],"replies":[{"embeddable":true,"href":"https:\/\/vocesparalelas.com.ar\/sitio\/wp-json\/wp\/v2\/comments?post=41560"}],"version-history":[{"count":1,"href":"https:\/\/vocesparalelas.com.ar\/sitio\/wp-json\/wp\/v2\/posts\/41560\/revisions"}],"predecessor-version":[{"id":41563,"href":"https:\/\/vocesparalelas.com.ar\/sitio\/wp-json\/wp\/v2\/posts\/41560\/revisions\/41563"}],"wp:featuredmedia":[{"embeddable":true,"href":"https:\/\/vocesparalelas.com.ar\/sitio\/wp-json\/wp\/v2\/media\/41562"}],"wp:attachment":[{"href":"https:\/\/vocesparalelas.com.ar\/sitio\/wp-json\/wp\/v2\/media?parent=41560"}],"wp:term":[{"taxonomy":"category","embeddable":true,"href":"https:\/\/vocesparalelas.com.ar\/sitio\/wp-json\/wp\/v2\/categories?post=41560"},{"taxonomy":"post_tag","embeddable":true,"href":"https:\/\/vocesparalelas.com.ar\/sitio\/wp-json\/wp\/v2\/tags?post=41560"}],"curies":[{"name":"wp","href":"https:\/\/api.w.org\/{rel}","templated":true}]}}