{"id":41511,"date":"2021-09-05T18:05:29","date_gmt":"2021-09-05T21:05:29","guid":{"rendered":"https:\/\/vocesparalelas.com.ar\/sitio\/?p=41511"},"modified":"2021-09-06T20:12:47","modified_gmt":"2021-09-06T23:12:47","slug":"continua-la-muestra-ciencia-en-movimiento","status":"publish","type":"post","link":"https:\/\/vocesparalelas.com.ar\/sitio\/continua-la-muestra-ciencia-en-movimiento\/","title":{"rendered":"Contin\u00faa la Muestra \u00abCiencia en Movimiento\u00bb"},"content":{"rendered":"<p>La muestra itinerante \u201cCiencia en Movimiento\u201d se puede visitar el Domingo, 5 de Septiembre, en el Departamento Chimbas de forma gratuita respetando todos los protocolos vigentes. Se encuentra abierta al p\u00fablico de 14 a 19 hs, por orden de llegada.<\/p>\n<p>Adem\u00e1s de Capital y Chimbas, la muestra recorre los departamentos de Caucete, 25 de Mayo, J\u00e1chal, Calingasta y Valle F\u00e9rtil, con entrada libre y gratuita, dirigida a toda la familia.<\/p>\n<p>El secretario de Estado de Ciencia, Tecnolog\u00eda e Innovaci\u00f3n, Ing. Tulio del Bono realiz\u00f3 una recorrida por la muestra. Estuvo acompa\u00f1ado por el intendente departamental de Chimbas, Fabi\u00e1n Gramajo y el coordinador de Gesti\u00f3n de Proyectos de SECITI, Ing. \u00c1ngel Torres.<\/p>\n<p><img loading=\"lazy\" decoding=\"async\" class=\"alignnone wp-image-41514 size-large\" src=\"https:\/\/vocesparalelas.com.ar\/sitio\/wp-content\/uploads\/2021\/09\/MOVIMIENTO-ITINERANTE-02-800x534.jpg\" alt=\"\" width=\"800\" height=\"534\" srcset=\"https:\/\/vocesparalelas.com.ar\/sitio\/wp-content\/uploads\/2021\/09\/MOVIMIENTO-ITINERANTE-02-800x534.jpg 800w, https:\/\/vocesparalelas.com.ar\/sitio\/wp-content\/uploads\/2021\/09\/MOVIMIENTO-ITINERANTE-02-300x200.jpg 300w, https:\/\/vocesparalelas.com.ar\/sitio\/wp-content\/uploads\/2021\/09\/MOVIMIENTO-ITINERANTE-02-768x512.jpg 768w, https:\/\/vocesparalelas.com.ar\/sitio\/wp-content\/uploads\/2021\/09\/MOVIMIENTO-ITINERANTE-02.jpg 1024w\" sizes=\"auto, (max-width: 800px) 100vw, 800px\" \/><\/p>\n<p>En la oportunidad, Del Bono manifest\u00f3 que \u00abesta muestra es un claro ejemplo de c\u00f3mo hacer llegar contenidos cient\u00edficos a la gente de manera pr\u00e1ctica, promoviendo vocaciones cient\u00edficas\u201d.<\/p>\n<p>La Secretar\u00eda de Estado de Ciencia, Tecnolog\u00eda e Innovaci\u00f3n a trav\u00e9s de la Coordinaci\u00f3n de Gesti\u00f3n de Proyectos, trae a San Juan la muestra itinerante \u201cCiencia en Movimiento\u201d itinerante que recorrer\u00e1 siete departamentos de la provincia. Esto se da gracias al convenio realizado entre la Fundaci\u00f3n de Historia Natural \u201cAZARA\u201d y la Universidad Maim\u00f3nides.<\/p>\n<p>Durante la muestra se podr\u00e1n recorrer, aprender y experimentar con disciplinas como la Paleontolog\u00eda, Entomolog\u00eda, Arqueolog\u00eda, Etnograf\u00eda, Laboratorio donde se podr\u00e1n realizar Experiencias de F\u00edsica, Qu\u00edmica, Biolog\u00eda, Astronom\u00eda, Geolog\u00eda y aspectos de la evoluci\u00f3n Humana.<\/p>\n<p><strong><span style=\"color: #339966;\">Paleontolog\u00eda<\/span><\/strong><\/p>\n<p>\u00bfQu\u00e9 son los f\u00f3siles y c\u00f3mo se forman? Los f\u00f3siles son testimonios del pasado que nos muestran la existencia de organismos en otras \u00e9pocas geol\u00f3gicas.<\/p>\n<p>El proceso de fosilizaci\u00f3n, que ocurre a lo largo de varios millones de a\u00f1os, consiste b\u00e1sicamente en el reemplazo de los componentes de los restos de un organismo por minerales.<\/p>\n<p>Los f\u00f3siles tienen la misma forma que el organismo o resto original, pero ya no est\u00e1n hecho del mismo material. A veces los f\u00f3siles no son restos sino evidencias de la actividad de los seres vivos, como madrigueras, pisadas, rastros o perforaciones, que quedaron impresos en los sedimentos.<\/p>\n<p><strong><span style=\"color: #339966;\">Entomolog\u00eda<\/span><\/strong><\/p>\n<p>\u00bfQu\u00e9 es? La entomolog\u00eda es la disciplina que estudia los insectos. Esta ciencia constituye una especialidad dentro de la zoolog\u00eda. Los antr\u00f3podos constituyen m\u00e1s del 85 % de todas las especies de animales conocidas para nuestro planeta.<\/p>\n<p>Son invertebrados con la superficie del cuerpo formada o cubiert0 por un dermo \u2013 esqueleto. Se caracterizan por su cuerpo dividido en partes, en segmentos, con patas y ap\u00e9ndices articulados, y por presentar simetr\u00eda bilateral. Los principales grupos de antr\u00f3podos son: insectos ar\u00e1cnidos, crust\u00e1ceos y mari\u00e1podos.<\/p>\n<p><strong><span style=\"color: #339966;\">Arqueolog\u00eda<\/span><\/strong><\/p>\n<p>Sociedades del pasado. La arqueolog\u00eda es la disciplina cient\u00edfica que estudia las sociedades pasadas a trav\u00e9s de los restos materiales que \u00e9stas dejaron.<\/p>\n<p>A trav\u00e9s de esos vestigios materiales, que pueden ser desde simple fragmentos de carb\u00f3n hasta edificios enteros, los arque\u00f3logos intentan responder preguntas como estas:<\/p>\n<p>\u00bfD\u00f3nde viv\u00edan? \u00bfC\u00f3mo se organizaban pol\u00edtica, social y econ\u00f3micamente? \u00bfQu\u00e9 com\u00edan?<\/p>\n<p>\u00bfQu\u00e9 actividades realizaban? \u00bfC\u00f3mo pensaban y ve\u00edan el mundo? \u00bfEn qu\u00e9 cre\u00edan?<\/p>\n<p>\u00bfC\u00f3mo eran sus viviendas?<\/p>\n<p><strong><span style=\"color: #339966;\">Etnograf\u00eda<\/span><\/strong><\/p>\n<p>Todas las culturas. La etnograf\u00eda es una de las disciplinas de la antropolog\u00eda social o cultural que tiene como objetivo conocer de primera mano c\u00f3mo viven y piensan las distintas culturas o grupos sociales.<\/p>\n<p>El etn\u00f3grafo suele realizar minuciosas descripciones de las costumbres tradiciones de un grupo humano. Para ello se vale de diferentes t\u00e9cnicas de recolecci\u00f3n de datos como las entrevistas o las observaciones participantes, a trav\u00e9s de las cuales busca involucrarse en forma directa con el grupo que estudia.<\/p>\n<p><strong><span style=\"color: #339966;\">Laboratorio<\/span><\/strong><\/p>\n<p>Experiencias de f\u00edsica, qu\u00edmica, biolog\u00eda.<\/p>\n<p><strong><span style=\"color: #339966;\">Astronom\u00eda<\/span><\/strong><\/p>\n<p>Otros mundos. \u00a1Te invitamos a mirar al cielo con nuestros telescopios!. El barrio en el universo.<\/p>\n<p>Los cient\u00edficos sostienen que el origen del universo -y de todos los elementos que lo componen- puede situarse hace aproximadamente 13 mil millones de a\u00f1os, a partir de una gran explosi\u00f3n conocida bajo el nombre de Big Bang, desde entonces el universo comenz\u00f3 a expandirse y enfriarse. Se estima que el Sistema Solar, nuestro barrio, tiene uso 4.600 millones de a\u00f1os de antig\u00fcedad.<\/p>\n<p><strong><span style=\"color: #339966;\">Geolog\u00eda<\/span><\/strong><\/p>\n<p>\u00bfQu\u00e9 es? La geolog\u00eda es la ciencia que estudia la composici\u00f3n y estructura de la Tierra, as\u00ed como los procesos por los cuales nuestro paneta se ha constituido y formado a lo largo del tiempo geol\u00f3gico.<\/p>\n<p>El aspecto actual de la Tierra es como una fotograf\u00eda instant\u00e1nea de una serie de procesos que est\u00e1n en desarrollo desde hace 4.500 millones de a\u00f1os.<\/p>\n<p>En este espacio se podr\u00e1n observar minerales y rocas. Un mineral es una sustancia inorg\u00e1nica, natural, s\u00f3lida y estable a temperatura ambiente, representable mediante una f\u00f3rmula qu\u00edmica espec\u00edfica, y tiene una estructura at\u00f3mica ordenada.<\/p>\n<p>Una roca es un agregado s\u00f3lido de origen natural de uno o m\u00e1s minerales, inorg\u00e1nica, heterog\u00e9nea, de composici\u00f3n qu\u00edmica variable.<\/p>\n<p><strong><span style=\"color: #339966;\">Evoluci\u00f3n humana<\/span><\/strong><\/p>\n<p>Somos hom\u00ednidos. Todas las personas somos primates que pertenecemos a la especie Homo Sapiens, el \u00fanico hom\u00ednido que subsiste en la Tierra.<\/p>\n<p>La postura erguida y la marcha b\u00edpeda supusieron la separaci\u00f3n con los antepasados de chimpanc\u00e9s y gorilas.<\/p>\n<p><strong><span style=\"color: #339966;\">Nuestra anatom\u00eda<\/span><\/strong><\/p>\n<p>Nuestra anatom\u00eda actual es una herencia del pasado. Tenemos hombro m\u00f3vil, pies curvados y manos prensiles con u\u00f1as, cara plana con visi\u00f3n desarrollada. Muy poco vello, receptividad sexual constante y gran diversidad sangu\u00ednea y gen\u00e9tica.<\/p>\n<p>\u00bfEl cerebro de los hom\u00ednidos aument\u00f3 de tama\u00f1o durante la evoluci\u00f3n? S\u00ed, y mucho.<\/p>\n<p>Tambi\u00e9n en este espacio se podr\u00e1 aprender c\u00f3mo evolucion\u00f3 la conciencia de la muerte y del lenguaje.<\/p>\n<p>Asimismo, tambi\u00e9n estar\u00e1 presente como parte de la evoluci\u00f3n humana el arte y la tecnolog\u00eda.<\/p>\n<p>El arte surge con seguridad hace unos 100.000 a\u00f1os en Sud\u00e1frica. Las pinturas corporales, los adornos de plumas y la recogida de objetos raros son quiz\u00e1s las primeras manifestaciones.<\/p>\n<p><strong><span style=\"color: #339966;\">La tecnolog\u00eda<\/span><\/strong><\/p>\n<p>Los humanos nos caracterizamos por la fabricaci\u00f3n acumulativa con transmisi\u00f3n cultural, de objetos implicados en la consecuci\u00f3n del alimento y la satisfacci\u00f3n de nuestros deseos.<\/p>\n","protected":false},"excerpt":{"rendered":"<p>La muestra itinerante \u201cCiencia en Movimiento\u201d se puede visitar el Domingo, 5 de Septiembre, en el Departamento Chimbas de forma<\/p>\n","protected":false},"author":3,"featured_media":41513,"comment_status":"closed","ping_status":"closed","sticky":false,"template":"","format":"standard","meta":{"_acf_changed":false,"_seopress_robots_primary_cat":"none","_seopress_titles_title":"","_seopress_titles_desc":"","_seopress_robots_index":"","colormag_page_container_layout":"default_layout","colormag_page_sidebar_layout":"default_layout","footnotes":""},"categories":[5],"tags":[],"class_list":["post-41511","post","type-post","status-publish","format-standard","has-post-thumbnail","hentry","category-ofrecimientos"],"acf":[],"_links":{"self":[{"href":"https:\/\/vocesparalelas.com.ar\/sitio\/wp-json\/wp\/v2\/posts\/41511","targetHints":{"allow":["GET"]}}],"collection":[{"href":"https:\/\/vocesparalelas.com.ar\/sitio\/wp-json\/wp\/v2\/posts"}],"about":[{"href":"https:\/\/vocesparalelas.com.ar\/sitio\/wp-json\/wp\/v2\/types\/post"}],"author":[{"embeddable":true,"href":"https:\/\/vocesparalelas.com.ar\/sitio\/wp-json\/wp\/v2\/users\/3"}],"replies":[{"embeddable":true,"href":"https:\/\/vocesparalelas.com.ar\/sitio\/wp-json\/wp\/v2\/comments?post=41511"}],"version-history":[{"count":2,"href":"https:\/\/vocesparalelas.com.ar\/sitio\/wp-json\/wp\/v2\/posts\/41511\/revisions"}],"predecessor-version":[{"id":41516,"href":"https:\/\/vocesparalelas.com.ar\/sitio\/wp-json\/wp\/v2\/posts\/41511\/revisions\/41516"}],"wp:featuredmedia":[{"embeddable":true,"href":"https:\/\/vocesparalelas.com.ar\/sitio\/wp-json\/wp\/v2\/media\/41513"}],"wp:attachment":[{"href":"https:\/\/vocesparalelas.com.ar\/sitio\/wp-json\/wp\/v2\/media?parent=41511"}],"wp:term":[{"taxonomy":"category","embeddable":true,"href":"https:\/\/vocesparalelas.com.ar\/sitio\/wp-json\/wp\/v2\/categories?post=41511"},{"taxonomy":"post_tag","embeddable":true,"href":"https:\/\/vocesparalelas.com.ar\/sitio\/wp-json\/wp\/v2\/tags?post=41511"}],"curies":[{"name":"wp","href":"https:\/\/api.w.org\/{rel}","templated":true}]}}