{"id":41507,"date":"2021-09-05T17:56:32","date_gmt":"2021-09-05T20:56:32","guid":{"rendered":"https:\/\/vocesparalelas.com.ar\/sitio\/?p=41507"},"modified":"2021-09-05T17:56:32","modified_gmt":"2021-09-05T20:56:32","slug":"presentaron-el-libro-practicas-docentes-y-desercion-estudiantil","status":"publish","type":"post","link":"https:\/\/vocesparalelas.com.ar\/sitio\/presentaron-el-libro-practicas-docentes-y-desercion-estudiantil\/","title":{"rendered":"Presentaron el libro \u201cPr\u00e1cticas docentes y deserci\u00f3n estudiantil\u201d"},"content":{"rendered":"<p>En el Aula Magna del Instituto Superior de Formaci\u00f3n Docente de la Escuela Normal Superior General San Mart\u00edn se present\u00f3 el libro \u201cPr\u00e1cticas docentes y deserci\u00f3n estudiantil\u201d.<\/p>\n<p>Se trata de una obra de investigaci\u00f3n de las profesoras del instituto: Dra. Anal\u00eda Ponce, Prof. Miriam Toedtman, Prof. Analia Pucheta, Prof. Nora Fager y Prof. Liliana Cabrera.<\/p>\n<p>Del acto participaron el rector de la Universidad Nacional de San Juan, Ing. Tadeo Berenguer, las directoras de Educaci\u00f3n Superior, Prof. Fernanda Rostagno y del ISDF, Prof. Rossana Belli, miembros del centro de estudiantes, exdocentes y familiares de las investigadoras.<\/p>\n<p>En el a\u00f1o 2007 el Instituto Nacional de Formaci\u00f3n Docente prioriz\u00f3 a la investigaci\u00f3n como eje de la gesti\u00f3n y la pr\u00e1ctica. En este marco surgi\u00f3 la l\u00ednea de trabajo \u00abConocer para incidir\u00bb que a trav\u00e9s del apoyo t\u00e9cnico y financiero indaga en problem\u00e1ticas surgidas dentro del sistema formador con el objetivo de que el resultado impacte sobre las pr\u00e1cticas de la formaci\u00f3n docente. Esto motivo la investigaci\u00f3n que culmin\u00f3 en la elaboraci\u00f3n del texto.<\/p>\n<p>En primer t\u00e9rmino se dirigi\u00f3 a los presentes la jefa de Investigaci\u00f3n, Natalia Varas, que afirm\u00f3: \u00abEl objetivo es recoger la construcci\u00f3n colectiva, institucional de un escrito convertido en libro como resultado de una Investigaci\u00f3n desarrollada entre los a\u00f1os 2007 y 2010. Es poner en valor los lazos interinstitucionales dentro de la Educaci\u00f3n Superior\u201d.<\/p>\n<p>A continuaci\u00f3n la vicerrectora de la UNSJ, Dra. Anal\u00eda Ponce, relat\u00f3 los avatares transitados para la publicaci\u00f3n, destacando la actualidad de la tem\u00e1tica en el Nivel Superior que \u00abnos abocamos a comprender en qu\u00e9 medida las pr\u00e1cticas docentes, es decir lo que nosotros hacemos, no hacemos o dejamos de hacer, influye en la deserci\u00f3n de los estudiantes. Atendiendo la problem\u00e1tica que el sistema debe corregir, debe superar, y que es un problema nacional\u00bb.<\/p>\n<p>Luego, los profesores Andr\u00e9s Lopez y Florencia Wortman realizaron la presentaci\u00f3n del texto. L\u00f3pez detall\u00f3 cada cap\u00edtulo, mientras que Wortman puso en valor el desaf\u00edo de indagar sobre las problem\u00e1ticas de la deserci\u00f3n.<\/p>\n<p>Cerr\u00f3 la presentaci\u00f3n la directora de Educaci\u00f3n Superior, Prof. Fernanda Rostagno, que destac\u00f3 la importancia de la labor interinstitucional y de las acciones investigativas en los institutos. Al finalizar se entregaron ejemplares del libro.<\/p>\n<p>&nbsp;<\/p>\n<p>&nbsp;<\/p>\n<p>&nbsp;<\/p>\n","protected":false},"excerpt":{"rendered":"<p>En el Aula Magna del Instituto Superior de Formaci\u00f3n Docente de la Escuela Normal Superior General San Mart\u00edn se present\u00f3<\/p>\n","protected":false},"author":3,"featured_media":41509,"comment_status":"closed","ping_status":"closed","sticky":false,"template":"","format":"standard","meta":{"_acf_changed":false,"_seopress_robots_primary_cat":"none","_seopress_titles_title":"","_seopress_titles_desc":"","_seopress_robots_index":"","colormag_page_container_layout":"default_layout","colormag_page_sidebar_layout":"default_layout","footnotes":""},"categories":[1],"tags":[],"class_list":["post-41507","post","type-post","status-publish","format-standard","has-post-thumbnail","hentry","category-destacadas"],"acf":[],"_links":{"self":[{"href":"https:\/\/vocesparalelas.com.ar\/sitio\/wp-json\/wp\/v2\/posts\/41507","targetHints":{"allow":["GET"]}}],"collection":[{"href":"https:\/\/vocesparalelas.com.ar\/sitio\/wp-json\/wp\/v2\/posts"}],"about":[{"href":"https:\/\/vocesparalelas.com.ar\/sitio\/wp-json\/wp\/v2\/types\/post"}],"author":[{"embeddable":true,"href":"https:\/\/vocesparalelas.com.ar\/sitio\/wp-json\/wp\/v2\/users\/3"}],"replies":[{"embeddable":true,"href":"https:\/\/vocesparalelas.com.ar\/sitio\/wp-json\/wp\/v2\/comments?post=41507"}],"version-history":[{"count":1,"href":"https:\/\/vocesparalelas.com.ar\/sitio\/wp-json\/wp\/v2\/posts\/41507\/revisions"}],"predecessor-version":[{"id":41510,"href":"https:\/\/vocesparalelas.com.ar\/sitio\/wp-json\/wp\/v2\/posts\/41507\/revisions\/41510"}],"wp:featuredmedia":[{"embeddable":true,"href":"https:\/\/vocesparalelas.com.ar\/sitio\/wp-json\/wp\/v2\/media\/41509"}],"wp:attachment":[{"href":"https:\/\/vocesparalelas.com.ar\/sitio\/wp-json\/wp\/v2\/media?parent=41507"}],"wp:term":[{"taxonomy":"category","embeddable":true,"href":"https:\/\/vocesparalelas.com.ar\/sitio\/wp-json\/wp\/v2\/categories?post=41507"},{"taxonomy":"post_tag","embeddable":true,"href":"https:\/\/vocesparalelas.com.ar\/sitio\/wp-json\/wp\/v2\/tags?post=41507"}],"curies":[{"name":"wp","href":"https:\/\/api.w.org\/{rel}","templated":true}]}}