{"id":41446,"date":"2021-09-03T01:12:42","date_gmt":"2021-09-03T04:12:42","guid":{"rendered":"https:\/\/vocesparalelas.com.ar\/sitio\/?p=41446"},"modified":"2021-09-03T01:12:42","modified_gmt":"2021-09-03T04:12:42","slug":"86-plenario-de-rectoras-y-rectores-del-consejo-interuniversitario-nacional","status":"publish","type":"post","link":"https:\/\/vocesparalelas.com.ar\/sitio\/86-plenario-de-rectoras-y-rectores-del-consejo-interuniversitario-nacional\/","title":{"rendered":"86\u00b0 Plenario de Rectoras y Rectores del Consejo Interuniversitario Nacional"},"content":{"rendered":"<p>El Martes, 31 de Agosto se desarroll\u00f3 el 86\u00b0 Plenario de Rectoras y Rectores del Consejo Interuniversitario Nacional en la ciudad de Santa Fe. El encuentro fue desarrollado de manera presencial y virtual para cumplir con los protocolos COVID- 19.<\/p>\n<p>De esta manera, el presidente del CIN, Lic. Rodolfo Tecchi, rector de la Universidad Nacional de Jujuy, dio la bienvenida al rector de la Universidad Nacional de San Juan, Ing. Tadeo Berenguer y a la vicerrectora, Dra. Anal\u00eda Ponce, quienes participaron de esta manera de su primera reuni\u00f3n en su car\u00e1cter de m\u00e1ximas autoridades universitarias. Asimismo, se entreg\u00f3 un reconocimiento al Ing. Oscar Nasisi, Rector de la UNSJ mandado cumplido, en el marco de las autoridades que, en el \u00faltimo a\u00f1o, terminaron sus mandatos.<\/p>\n<p><span style=\"color: #339966;\"><strong>Presupuesto universitario 2022<\/strong><\/span><\/p>\n<p>El \u00f3rgano m\u00e1ximo de este Consejo aprob\u00f3 su propuesta de presupuesto universitario 2022. Con base en el incremento de la pauta salarial e inflacionaria previstas, el monto total solicitado asciende a $ 407.917.707.522. La planilla con el detalle del pedido ser\u00e1 enviada a la Secretar\u00eda de Pol\u00edticas Universitarias SPU para su consideraci\u00f3n antes de la elevaci\u00f3n final al Congreso de la Naci\u00f3n.<\/p>\n<p>Tambi\u00e9n, entre los acuerdos aprobados, se convino la realizaci\u00f3n de capacitaciones en las instituciones universitarias en el marco de la Ley Yolanda, a la que el CIN, recientemente, adhiri\u00f3.<\/p>\n<p><span style=\"color: #339966;\"><strong>Homenaje a Juan Carlos Del Bello<\/strong><\/span><\/p>\n<p>El homenaje y el recuerdo de Juan Carlos Del Bello, rector de la Universidad Nacional de R\u00edo Negro &#8211; UNRN &#8211; y vicepresidente de la Comisi\u00f3n de Ciencia, T\u00e9cnica y Arte de este Consejo, guio el hilo del plenario. En el encuentro estuvo presente su hijo, Marcos Del Bello, quien agradeci\u00f3 el gesto y record\u00f3 que su padre sosten\u00eda que el sistema universitario cient\u00edfico y tecnol\u00f3gico es la clave del futuro de pa\u00eds. En forma virtual, tambi\u00e9n, asistieron Marta Borda y Carolina, esposa e hija de Juan Carlos respectivamente.<\/p>\n<p><img loading=\"lazy\" decoding=\"async\" class=\"alignnone wp-image-41448 size-full\" src=\"https:\/\/vocesparalelas.com.ar\/sitio\/wp-content\/uploads\/2021\/09\/CIN-01.jpg\" alt=\"\" width=\"780\" height=\"446\" srcset=\"https:\/\/vocesparalelas.com.ar\/sitio\/wp-content\/uploads\/2021\/09\/CIN-01.jpg 780w, https:\/\/vocesparalelas.com.ar\/sitio\/wp-content\/uploads\/2021\/09\/CIN-01-300x172.jpg 300w, https:\/\/vocesparalelas.com.ar\/sitio\/wp-content\/uploads\/2021\/09\/CIN-01-768x439.jpg 768w\" sizes=\"auto, (max-width: 780px) 100vw, 780px\" \/><\/p>\n<p>Fuente:\u00a0Consejo Interuniversitario Nacional CIN<\/p>\n","protected":false},"excerpt":{"rendered":"<p>El Martes, 31 de Agosto se desarroll\u00f3 el 86\u00b0 Plenario de Rectoras y Rectores del Consejo Interuniversitario Nacional en la<\/p>\n","protected":false},"author":3,"featured_media":41449,"comment_status":"closed","ping_status":"closed","sticky":false,"template":"","format":"standard","meta":{"_acf_changed":false,"_seopress_robots_primary_cat":"none","_seopress_titles_title":"","_seopress_titles_desc":"","_seopress_robots_index":"","colormag_page_container_layout":"default_layout","colormag_page_sidebar_layout":"default_layout","footnotes":""},"categories":[1],"tags":[],"class_list":["post-41446","post","type-post","status-publish","format-standard","has-post-thumbnail","hentry","category-destacadas"],"acf":[],"_links":{"self":[{"href":"https:\/\/vocesparalelas.com.ar\/sitio\/wp-json\/wp\/v2\/posts\/41446","targetHints":{"allow":["GET"]}}],"collection":[{"href":"https:\/\/vocesparalelas.com.ar\/sitio\/wp-json\/wp\/v2\/posts"}],"about":[{"href":"https:\/\/vocesparalelas.com.ar\/sitio\/wp-json\/wp\/v2\/types\/post"}],"author":[{"embeddable":true,"href":"https:\/\/vocesparalelas.com.ar\/sitio\/wp-json\/wp\/v2\/users\/3"}],"replies":[{"embeddable":true,"href":"https:\/\/vocesparalelas.com.ar\/sitio\/wp-json\/wp\/v2\/comments?post=41446"}],"version-history":[{"count":1,"href":"https:\/\/vocesparalelas.com.ar\/sitio\/wp-json\/wp\/v2\/posts\/41446\/revisions"}],"predecessor-version":[{"id":41450,"href":"https:\/\/vocesparalelas.com.ar\/sitio\/wp-json\/wp\/v2\/posts\/41446\/revisions\/41450"}],"wp:featuredmedia":[{"embeddable":true,"href":"https:\/\/vocesparalelas.com.ar\/sitio\/wp-json\/wp\/v2\/media\/41449"}],"wp:attachment":[{"href":"https:\/\/vocesparalelas.com.ar\/sitio\/wp-json\/wp\/v2\/media?parent=41446"}],"wp:term":[{"taxonomy":"category","embeddable":true,"href":"https:\/\/vocesparalelas.com.ar\/sitio\/wp-json\/wp\/v2\/categories?post=41446"},{"taxonomy":"post_tag","embeddable":true,"href":"https:\/\/vocesparalelas.com.ar\/sitio\/wp-json\/wp\/v2\/tags?post=41446"}],"curies":[{"name":"wp","href":"https:\/\/api.w.org\/{rel}","templated":true}]}}