{"id":41416,"date":"2021-09-01T17:59:24","date_gmt":"2021-09-01T20:59:24","guid":{"rendered":"https:\/\/vocesparalelas.com.ar\/sitio\/?p=41416"},"modified":"2021-09-02T11:59:48","modified_gmt":"2021-09-02T14:59:48","slug":"diputados-justicialistas-se-reunieron-en-la-previa-de-la-sesion-de-la-camara-de-san-juan","status":"publish","type":"post","link":"https:\/\/vocesparalelas.com.ar\/sitio\/diputados-justicialistas-se-reunieron-en-la-previa-de-la-sesion-de-la-camara-de-san-juan\/","title":{"rendered":"Diputados justicialistas se reunieron en la previa de la sesi\u00f3n de la C\u00e1mara de San Juan"},"content":{"rendered":"<div class=\"itemFullText jbintrotext\">\n<p>En el transcurso de la ma\u00f1ana del mi\u00e9rcoles 1 de septiembre, los diputados del bloque Justicialista llevaron a cabo una reuni\u00f3n en el recinto para terminar de organizar y repasar los asuntos inherentes a la labor legislativa en el marco de la Und\u00e9cima Sesi\u00f3n del per\u00edodo ordinario a llevarse a cabo este jueves 2 de septiembre.<\/p>\n<\/div>\n<div class=\"itemFullText\">\n<p>El encuentro estuvo encabezo por el presidente de bloque, diputado Juan Carlos Abarca. Participaron las diputadas Fernanda Paredes, Graciela Seva, Celina Ramella, Marcela Monti, y los legisladores Jos\u00e9 Luis Esteve, Juan Carlos Gioja, Horacio Quiroga, Rodolfo Jalife, Juan Jos\u00e9 Chica, \u00a0Gustavo Rodr\u00edguez, Gast\u00f3n Berenguer, Jorge Barifusa, Federico Hensel, Leonardo Gioja, Silvio Atencio y Miguel N\u00fa\u00f1ez. Tambi\u00e9n asistieron el director y secretario de bloque, Jorge Agapito Gil y Gustavo Ant\u00fanez, respectivamente.<\/p>\n<\/div>\n","protected":false},"excerpt":{"rendered":"<p>En el transcurso de la ma\u00f1ana del mi\u00e9rcoles 1 de septiembre, los diputados del bloque Justicialista llevaron a cabo una<\/p>\n","protected":false},"author":3,"featured_media":41418,"comment_status":"closed","ping_status":"closed","sticky":false,"template":"","format":"standard","meta":{"_acf_changed":false,"_seopress_robots_primary_cat":"none","_seopress_titles_title":"","_seopress_titles_desc":"","_seopress_robots_index":"","colormag_page_container_layout":"default_layout","colormag_page_sidebar_layout":"default_layout","footnotes":""},"categories":[1],"tags":[],"class_list":["post-41416","post","type-post","status-publish","format-standard","has-post-thumbnail","hentry","category-destacadas"],"acf":[],"_links":{"self":[{"href":"https:\/\/vocesparalelas.com.ar\/sitio\/wp-json\/wp\/v2\/posts\/41416","targetHints":{"allow":["GET"]}}],"collection":[{"href":"https:\/\/vocesparalelas.com.ar\/sitio\/wp-json\/wp\/v2\/posts"}],"about":[{"href":"https:\/\/vocesparalelas.com.ar\/sitio\/wp-json\/wp\/v2\/types\/post"}],"author":[{"embeddable":true,"href":"https:\/\/vocesparalelas.com.ar\/sitio\/wp-json\/wp\/v2\/users\/3"}],"replies":[{"embeddable":true,"href":"https:\/\/vocesparalelas.com.ar\/sitio\/wp-json\/wp\/v2\/comments?post=41416"}],"version-history":[{"count":1,"href":"https:\/\/vocesparalelas.com.ar\/sitio\/wp-json\/wp\/v2\/posts\/41416\/revisions"}],"predecessor-version":[{"id":41419,"href":"https:\/\/vocesparalelas.com.ar\/sitio\/wp-json\/wp\/v2\/posts\/41416\/revisions\/41419"}],"wp:featuredmedia":[{"embeddable":true,"href":"https:\/\/vocesparalelas.com.ar\/sitio\/wp-json\/wp\/v2\/media\/41418"}],"wp:attachment":[{"href":"https:\/\/vocesparalelas.com.ar\/sitio\/wp-json\/wp\/v2\/media?parent=41416"}],"wp:term":[{"taxonomy":"category","embeddable":true,"href":"https:\/\/vocesparalelas.com.ar\/sitio\/wp-json\/wp\/v2\/categories?post=41416"},{"taxonomy":"post_tag","embeddable":true,"href":"https:\/\/vocesparalelas.com.ar\/sitio\/wp-json\/wp\/v2\/tags?post=41416"}],"curies":[{"name":"wp","href":"https:\/\/api.w.org\/{rel}","templated":true}]}}