{"id":41386,"date":"2021-09-01T22:17:55","date_gmt":"2021-09-02T01:17:55","guid":{"rendered":"https:\/\/vocesparalelas.com.ar\/sitio\/?p=41386"},"modified":"2021-09-01T22:17:55","modified_gmt":"2021-09-02T01:17:55","slug":"el-ministro-de-agricultura-ganaderia-y-pesca-de-la-nacion-ing-agr-luis-basterra-llega-a-san-juan","status":"publish","type":"post","link":"https:\/\/vocesparalelas.com.ar\/sitio\/el-ministro-de-agricultura-ganaderia-y-pesca-de-la-nacion-ing-agr-luis-basterra-llega-a-san-juan\/","title":{"rendered":"El ministro de Agricultura Ganader\u00eda y Pesca de la Naci\u00f3n, Ing. Agr. Luis Basterra llega a San Juan"},"content":{"rendered":"<p>El Jueves,\u00a0 02 de Septiembre, el ministro de Agricultura Ganader\u00eda y Pesca de la Naci\u00f3n, Ing. Agr. Luis Basterra, llega a la provincia de San Juan para interiorizar a los productores cuyanos sobre el Plan Ganadero Nacional, junto al gobernador Dr. Sergio U\u00f1ac.<\/p>\n<p>La presentaci\u00f3n de esta propuesta federal para el desarrollo de la ganader\u00eda tiene lugar en el marco de la Reuni\u00f3n Regional Cuyo de la Comisi\u00f3n Federal de Producci\u00f3n Ganadera del Consejo Federal Agropecuario, que se desarrolla a partir de las 9 horas en un hotel del Departamento Santa Luc\u00eda.<\/p>\n<p>Esta iniciativa del Gobierno nacional tiene como punto de partida la construcci\u00f3n de una visi\u00f3n federal sobre el sector con el objetivo de ordenar la relaci\u00f3n entre mercado interno y externo, atendiendo las particularidades de cada regi\u00f3n para el desarrollo de la ganader\u00eda bovina.<\/p>\n<p>Adem\u00e1s, busca mejorar la productividad ganadera, aumentar el agregado de valor en toda la cadena, la incorporaci\u00f3n de tecnolog\u00eda e innovaci\u00f3n, el desarrollo sostenible de la actividad, y el fortalecimiento en el consumo de los productos derivados de la carne bovina.<\/p>\n<p>Cabe destacar que el Plan Ganadero Nacional fue dise\u00f1ado junto al aporte de todas las provincias y de distintos actores de la cadena bovina.<\/p>\n","protected":false},"excerpt":{"rendered":"<p>El Jueves,\u00a0 02 de Septiembre, el ministro de Agricultura Ganader\u00eda y Pesca de la Naci\u00f3n, Ing. Agr. Luis Basterra, llega<\/p>\n","protected":false},"author":3,"featured_media":41388,"comment_status":"closed","ping_status":"closed","sticky":false,"template":"","format":"standard","meta":{"_acf_changed":false,"_seopress_robots_primary_cat":"none","_seopress_titles_title":"","_seopress_titles_desc":"","_seopress_robots_index":"","colormag_page_container_layout":"default_layout","colormag_page_sidebar_layout":"default_layout","footnotes":""},"categories":[1],"tags":[],"class_list":["post-41386","post","type-post","status-publish","format-standard","has-post-thumbnail","hentry","category-destacadas"],"acf":[],"_links":{"self":[{"href":"https:\/\/vocesparalelas.com.ar\/sitio\/wp-json\/wp\/v2\/posts\/41386","targetHints":{"allow":["GET"]}}],"collection":[{"href":"https:\/\/vocesparalelas.com.ar\/sitio\/wp-json\/wp\/v2\/posts"}],"about":[{"href":"https:\/\/vocesparalelas.com.ar\/sitio\/wp-json\/wp\/v2\/types\/post"}],"author":[{"embeddable":true,"href":"https:\/\/vocesparalelas.com.ar\/sitio\/wp-json\/wp\/v2\/users\/3"}],"replies":[{"embeddable":true,"href":"https:\/\/vocesparalelas.com.ar\/sitio\/wp-json\/wp\/v2\/comments?post=41386"}],"version-history":[{"count":1,"href":"https:\/\/vocesparalelas.com.ar\/sitio\/wp-json\/wp\/v2\/posts\/41386\/revisions"}],"predecessor-version":[{"id":41389,"href":"https:\/\/vocesparalelas.com.ar\/sitio\/wp-json\/wp\/v2\/posts\/41386\/revisions\/41389"}],"wp:featuredmedia":[{"embeddable":true,"href":"https:\/\/vocesparalelas.com.ar\/sitio\/wp-json\/wp\/v2\/media\/41388"}],"wp:attachment":[{"href":"https:\/\/vocesparalelas.com.ar\/sitio\/wp-json\/wp\/v2\/media?parent=41386"}],"wp:term":[{"taxonomy":"category","embeddable":true,"href":"https:\/\/vocesparalelas.com.ar\/sitio\/wp-json\/wp\/v2\/categories?post=41386"},{"taxonomy":"post_tag","embeddable":true,"href":"https:\/\/vocesparalelas.com.ar\/sitio\/wp-json\/wp\/v2\/tags?post=41386"}],"curies":[{"name":"wp","href":"https:\/\/api.w.org\/{rel}","templated":true}]}}