{"id":41362,"date":"2022-11-28T12:00:31","date_gmt":"2022-11-28T15:00:31","guid":{"rendered":"https:\/\/vocesparalelas.com.ar\/sitio\/?p=41362"},"modified":"2022-11-29T00:31:45","modified_gmt":"2022-11-29T03:31:45","slug":"programacion-de-noviembre-2022-ciclos-de-cine-de-upcn","status":"publish","type":"post","link":"https:\/\/vocesparalelas.com.ar\/sitio\/programacion-de-noviembre-2022-ciclos-de-cine-de-upcn\/","title":{"rendered":"Programaci\u00f3n de Diciembre 2022 \u00abCiclos de Cine de UPCN\u00bb"},"content":{"rendered":"<p>UPCN Seccional San Juan invita a disfrutar el p\u00fablico en general y a los afiliados del Ciclos de Cine gratuitos durante Diciembre 2022, por semana con todas las funciones.<\/p>\n<p><span style=\"color: #339966;\"><strong>Los puede seguir por las redes sociales<\/strong><\/span><\/p>\n<p>En Facebook:\u00a0<a href=\"https:\/\/www.facebook.com\/CineUpcnSanJuan\/\">https:\/\/www.facebook.com\/CineUpcnSanJuan\/<\/a><\/p>\n<p>En Instagram:\u00a0<a href=\"https:\/\/www.instagram.com\/cineupcn.sanjuan\/\">https:\/\/www.instagram.com\/cineupcn.sanjuan\/<\/a><\/p>\n<p>La propuesta del\u00a0Ciclos de cine\u00a0&amp; Cine.AR SALA UPCN San Juan, organizada por la\u00a0Secretar\u00eda de Cultura y Capacitaci\u00f3n de UPCN San Juan.<\/p>\n<p><span style=\"color: #339966;\"><strong>Ciclo de Cine de los Viernes<\/strong><\/span><\/p>\n<p>&nbsp;<\/p>\n<p><img loading=\"lazy\" decoding=\"async\" class=\"alignnone size-full wp-image-54844\" src=\"https:\/\/vocesparalelas.com.ar\/sitio\/wp-content\/uploads\/2022\/11\/UPCN-viernes-2.jpg\" alt=\"\" width=\"800\" height=\"801\" \/><\/p>\n<p>&nbsp;<\/p>\n<p><iframe loading=\"lazy\" title=\"PASAJE AL PARA\u00cdSO Tr\u00e1iler Espa\u00f1ol Latino Subtitulado (2022)\" width=\"800\" height=\"450\" src=\"https:\/\/www.youtube.com\/embed\/JIL9jw0jUu0?feature=oembed\" frameborder=\"0\" allow=\"accelerometer; autoplay; clipboard-write; encrypted-media; gyroscope; picture-in-picture\" allowfullscreen><\/iframe><\/p>\n<p>&nbsp;<\/p>\n<p><img loading=\"lazy\" decoding=\"async\" class=\"alignnone size-large wp-image-54845\" src=\"https:\/\/vocesparalelas.com.ar\/sitio\/wp-content\/uploads\/2022\/11\/UPCN-viernes-9.jpg\" alt=\"\" width=\"800\" height=\"800\" \/><\/p>\n<p>&nbsp;<\/p>\n<p><iframe loading=\"lazy\" title=\"Persuasi\u00f3n, con Dakota Johnson (EN ESPA\u00d1OL) | Tr\u00e1iler oficial | Netflix\" width=\"800\" height=\"450\" src=\"https:\/\/www.youtube.com\/embed\/CfMIOBR3p28?feature=oembed\" frameborder=\"0\" allow=\"accelerometer; autoplay; clipboard-write; encrypted-media; gyroscope; picture-in-picture\" allowfullscreen><\/iframe><\/p>\n<p>&nbsp;<\/p>\n<p><img loading=\"lazy\" decoding=\"async\" class=\"alignnone size-large wp-image-54846\" src=\"https:\/\/vocesparalelas.com.ar\/sitio\/wp-content\/uploads\/2022\/11\/UPCN-viernes-16.jpg\" alt=\"\" width=\"800\" height=\"800\" \/><\/p>\n<p>https:\/\/www.youtube.com\/watch?v=9JCnM_lXYXk<\/p>\n<p>&nbsp;<\/p>\n<p><img loading=\"lazy\" decoding=\"async\" class=\"alignnone size-large wp-image-54847\" src=\"https:\/\/vocesparalelas.com.ar\/sitio\/wp-content\/uploads\/2022\/11\/UPCN-viernes-23.jpg\" alt=\"\" width=\"800\" height=\"800\" \/><\/p>\n<p>&nbsp;<\/p>\n<p><iframe loading=\"lazy\" title=\"A Naija Christmas | Official Trailer | Netflix\" width=\"800\" height=\"450\" src=\"https:\/\/www.youtube.com\/embed\/0pzE10-3nzI?feature=oembed\" frameborder=\"0\" allow=\"accelerometer; autoplay; clipboard-write; encrypted-media; gyroscope; picture-in-picture\" allowfullscreen><\/iframe><\/p>\n<p>&nbsp;<\/p>\n<p><img loading=\"lazy\" decoding=\"async\" class=\"alignnone size-large wp-image-54848\" src=\"https:\/\/vocesparalelas.com.ar\/sitio\/wp-content\/uploads\/2022\/11\/UPCN-viernes-30.jpg\" alt=\"\" width=\"800\" height=\"800\" \/><\/p>\n<p>&nbsp;<\/p>\n<p><iframe loading=\"lazy\" title=\"Al Ritmo del Coraz\u00f3n | Tr\u00e1iler Oficial | Cinemex\" width=\"800\" height=\"450\" src=\"https:\/\/www.youtube.com\/embed\/JUkmTmt6rJU?feature=oembed\" frameborder=\"0\" allow=\"accelerometer; autoplay; clipboard-write; encrypted-media; gyroscope; picture-in-picture\" allowfullscreen><\/iframe><\/p>\n<p>&nbsp;<\/p>\n<p><strong><span style=\"color: #339966;\">Plan B Cine + 16 a\u00f1os<\/span><\/strong><\/p>\n<p>&nbsp;<\/p>\n<p><img loading=\"lazy\" decoding=\"async\" class=\"alignnone size-full wp-image-54849\" src=\"https:\/\/vocesparalelas.com.ar\/sitio\/wp-content\/uploads\/2022\/11\/UPCN-domingo-4.jpg\" alt=\"\" width=\"800\" height=\"801\" \/><\/p>\n<p>&nbsp;<\/p>\n<p><iframe loading=\"lazy\" title=\"MIRA POR MI\u0301 - TRAILER ESPA\u00d1OL\" width=\"800\" height=\"450\" src=\"https:\/\/www.youtube.com\/embed\/M-mPagAsTIA?feature=oembed\" frameborder=\"0\" allow=\"accelerometer; autoplay; clipboard-write; encrypted-media; gyroscope; picture-in-picture\" allowfullscreen><\/iframe><\/p>\n<p>&nbsp;<\/p>\n<p><img loading=\"lazy\" decoding=\"async\" class=\"alignnone size-large wp-image-54850\" src=\"https:\/\/vocesparalelas.com.ar\/sitio\/wp-content\/uploads\/2022\/11\/UPCN-domingo-11.jpg\" alt=\"\" width=\"799\" height=\"800\" \/><\/p>\n<p>&nbsp;<\/p>\n<p><iframe loading=\"lazy\" title=\"\u00a1Nop! (2022) Tr\u00e1iler Oficial Espa\u00f1ol\" width=\"800\" height=\"450\" src=\"https:\/\/www.youtube.com\/embed\/v-hlPfBJt6k?feature=oembed\" frameborder=\"0\" allow=\"accelerometer; autoplay; clipboard-write; encrypted-media; gyroscope; picture-in-picture\" allowfullscreen><\/iframe><\/p>\n<p>&nbsp;<\/p>\n<p><img loading=\"lazy\" decoding=\"async\" class=\"alignnone size-large wp-image-54851\" src=\"https:\/\/vocesparalelas.com.ar\/sitio\/wp-content\/uploads\/2022\/11\/UPCN-domingo-18.jpg\" alt=\"\" width=\"800\" height=\"799\" \/><\/p>\n<p>&nbsp;<\/p>\n<p><iframe loading=\"lazy\" title=\"Held (202o) | Trailer subtitulado en espa\u00f1ol\" width=\"800\" height=\"450\" src=\"https:\/\/www.youtube.com\/embed\/UTQ1FTlj4TQ?feature=oembed\" frameborder=\"0\" allow=\"accelerometer; autoplay; clipboard-write; encrypted-media; gyroscope; picture-in-picture\" allowfullscreen><\/iframe><\/p>\n<p>&nbsp;<\/p>\n<p>&nbsp;<\/p>\n<p><img loading=\"lazy\" decoding=\"async\" class=\"alignnone size-large wp-image-22945\" src=\"https:\/\/vocesparalelas.com.ar\/sitio\/wp-content\/uploads\/2019\/08\/UPCN-NENE-800x600.jpg\" alt=\"\" width=\"800\" height=\"600\" srcset=\"https:\/\/vocesparalelas.com.ar\/sitio\/wp-content\/uploads\/2019\/08\/UPCN-NENE-800x600.jpg 800w, https:\/\/vocesparalelas.com.ar\/sitio\/wp-content\/uploads\/2019\/08\/UPCN-NENE-300x225.jpg 300w, https:\/\/vocesparalelas.com.ar\/sitio\/wp-content\/uploads\/2019\/08\/UPCN-NENE-768x576.jpg 768w, https:\/\/vocesparalelas.com.ar\/sitio\/wp-content\/uploads\/2019\/08\/UPCN-NENE.jpg 1000w\" sizes=\"auto, (max-width: 800px) 100vw, 800px\" \/><\/p>\n<p>Publicado el Lunes, 28 de Noviembre de 2022<\/p>\n","protected":false},"excerpt":{"rendered":"<p>UPCN Seccional San Juan invita a disfrutar el p\u00fablico en general y a los afiliados del Ciclos de Cine gratuitos<\/p>\n","protected":false},"author":3,"featured_media":4204,"comment_status":"closed","ping_status":"closed","sticky":false,"template":"","format":"video","meta":{"_acf_changed":false,"_seopress_robots_primary_cat":"none","_seopress_titles_title":"","_seopress_titles_desc":"","_seopress_robots_index":"","colormag_page_container_layout":"default_layout","colormag_page_sidebar_layout":"default_layout","footnotes":""},"categories":[20,7],"tags":[],"class_list":["post-41362","post","type-post","status-publish","format-video","has-post-thumbnail","hentry","category-cartelera","category-videos","post_format-post-format-video"],"acf":[],"_links":{"self":[{"href":"https:\/\/vocesparalelas.com.ar\/sitio\/wp-json\/wp\/v2\/posts\/41362","targetHints":{"allow":["GET"]}}],"collection":[{"href":"https:\/\/vocesparalelas.com.ar\/sitio\/wp-json\/wp\/v2\/posts"}],"about":[{"href":"https:\/\/vocesparalelas.com.ar\/sitio\/wp-json\/wp\/v2\/types\/post"}],"author":[{"embeddable":true,"href":"https:\/\/vocesparalelas.com.ar\/sitio\/wp-json\/wp\/v2\/users\/3"}],"replies":[{"embeddable":true,"href":"https:\/\/vocesparalelas.com.ar\/sitio\/wp-json\/wp\/v2\/comments?post=41362"}],"version-history":[{"count":32,"href":"https:\/\/vocesparalelas.com.ar\/sitio\/wp-json\/wp\/v2\/posts\/41362\/revisions"}],"predecessor-version":[{"id":54869,"href":"https:\/\/vocesparalelas.com.ar\/sitio\/wp-json\/wp\/v2\/posts\/41362\/revisions\/54869"}],"wp:featuredmedia":[{"embeddable":true,"href":"https:\/\/vocesparalelas.com.ar\/sitio\/wp-json\/wp\/v2\/media\/4204"}],"wp:attachment":[{"href":"https:\/\/vocesparalelas.com.ar\/sitio\/wp-json\/wp\/v2\/media?parent=41362"}],"wp:term":[{"taxonomy":"category","embeddable":true,"href":"https:\/\/vocesparalelas.com.ar\/sitio\/wp-json\/wp\/v2\/categories?post=41362"},{"taxonomy":"post_tag","embeddable":true,"href":"https:\/\/vocesparalelas.com.ar\/sitio\/wp-json\/wp\/v2\/tags?post=41362"}],"curies":[{"name":"wp","href":"https:\/\/api.w.org\/{rel}","templated":true}]}}