{"id":41314,"date":"2021-08-31T00:52:26","date_gmt":"2021-08-31T03:52:26","guid":{"rendered":"https:\/\/vocesparalelas.com.ar\/sitio\/?p=41314"},"modified":"2021-08-31T00:52:26","modified_gmt":"2021-08-31T03:52:26","slug":"entregaron-la-mencion-de-honor-maestro-mario-perez","status":"publish","type":"post","link":"https:\/\/vocesparalelas.com.ar\/sitio\/entregaron-la-mencion-de-honor-maestro-mario-perez\/","title":{"rendered":"Entregaron la \u00abMenci\u00f3n de Honor Maestro Mario P\u00e9rez\u201d"},"content":{"rendered":"<div class=\"itemFullText jbintrotext\">\n<p>En el marco del cumplimiento de la Ley 1984-P, fue realizada la entrega de la distinci\u00f3n \u201cMenci\u00f3n de Honor Maestro Mario P\u00e9rez\u201d al artista pl\u00e1stico Humberto Costa en una emotiva ceremonia en reconocimiento al m\u00e9rito, trayectoria, y compromiso por su labor como escultor y pintor. El acto fue llevado a cabo en el recinto de sesiones y estuvo presidido por el vicegobernador CPN Roberto Gattoni.<\/p>\n<\/div>\n<div class=\"itemFullText\">\n<p>Adem\u00e1s, particip\u00f3 el secretario Administrativo, Roberto Iglesias; el vicepresidente primero del Poder Legislativo, diputado Eduardo Cabello; las legisladoras Marcela Monti y Celina Ramella; los parlamentarios Rodolfo Jalife, Horacio Quiroga, Carlos Jaime Quiroga. Tambi\u00e9n asistieron los miembros que conformaron el jurado: Carlos G\u00f3mez Centuri\u00f3n, Arturo Sierra, Silvina Mart\u00ednez y Mirta Romero. Leonardo Siere form\u00f3 parte del tribunal pero no pudo estar presente en el acto. Por otro lado, concurrieron familiares del artista cuyo nombre lleva este galard\u00f3n, Mario P\u00e9rez; del presente homenajeado Humberto Costa; representantes de instituciones acad\u00e9micas, legisladoras y agrupaciones art\u00edsticas que han postulados candidatos a la Menci\u00f3n de Honor y los artistas pl\u00e1sticos que fueron postulados.<\/p>\n<p>Durante la presentaci\u00f3n fue reproducido en la pantalla un video sobre la vida y obra del reconocido artista Mario P\u00e9rez en honor a su memoria. Luego el secretario Administrativo explic\u00f3 el procedimiento de postulaci\u00f3n y elecci\u00f3n establecido en el decreto 361-P- 2021 (ver detalles abajo).<\/p>\n<p>A continuaci\u00f3n, el titular del Poder Legislativo, CPN Roberto Gattoni sostuvo \u201cesto es un hecho hist\u00f3rico, es la primera vez que la C\u00e1mara de Diputados va entregar una menci\u00f3n de honor vinculada con el arte, en este caso con la descripci\u00f3n denominada \u201cMaestro Mario P\u00e9rez\u201d. Creo que hay varios aspectos que confluyen en este galard\u00f3n. Primero, recordar y reconocer la labor de Mario P\u00e9rez, un artista sanjuanino que hizo que sus obras y San Juan trascendiera al mundo y creo que poner en valor en esta circunstancia su personalidad y su obra art\u00edstica es un acto significativo; en segundo lugar, visibilizar y destacar los grandes aportes que los artistas pl\u00e1sticos de la provincia realizan, poniendo identidad a nuestra cultura en primer orden de exposici\u00f3n; y tercero, que sirva este acto para convocar a los artistas, a las comunidades art\u00edsticas para que nos acompa\u00f1en en la difusi\u00f3n de la obra pl\u00e1stica que realizan en la provincia de San Juan. Es la tarea que viene realizando el gobierno de la provincia. Y nosotros con estas actividades pretendemos acompa\u00f1ar al Poder Ejecutivo, en esta tarea de promover y poner en valor la obra pl\u00e1stica de la provincia\u201d.<\/p>\n<p>Seguidamente, el vicegobernador record\u00f3 una an\u00e9cdota sobre Mario P\u00e9rez \u201cla \u00faltima exposici\u00f3n que hizo fue en la Plaza Villa Krause y simult\u00e1neamente se estaba exponiendo su obra en un prestigioso sal\u00f3n en Miami; y \u00e9l eligi\u00f3 a su San Juan, a su departamento, a su plaza para participar de la exposici\u00f3n y no Miami. Esto define c\u00f3mo era su sensibilidad, sus caracter\u00edsticas humanas y fundamentalmente una persona que nunca olvid\u00f3 sus or\u00edgenes\u201d.<\/p>\n<p>Despu\u00e9s, la locutora ley\u00f3 las salutaciones enviadas por escrito por parte del intendente de Valle F\u00e9rtil, Omar Ortiz y el rector de la UNSJ, Tadeo Berenguer. Luego, fue realizada la entrega de distinciones a cada miembro del jurado por su participaci\u00f3n.<\/p>\n<p>Por \u00faltimo, recibi\u00f3 la menci\u00f3n honor\u00edfica el reconocido artista Humberto Costa, quien expres\u00f3 \u201cme es muy grato este momento de ser galardonado con la distinci\u00f3n Menci\u00f3n de Honor Maestro Mario P\u00e9rez, en reconocimiento al m\u00e9rito, trayectoria y compromiso en la labor art\u00edstica. Agradezco a las instituciones y personas que me propusieron en las ternas como tambi\u00e9n al jurado convocado para la selecci\u00f3n. Que esto sea el inicio de un est\u00edmulo y reconocimiento para todos aquellos artistas visuales comprometidos a trav\u00e9s de sus actividades y producciones con la cultura de San Juan\u201d.<\/p>\n<p><span style=\"color: #993366;\"><strong>Detalles sobre la Menci\u00f3n de Honor<\/strong><\/span><\/p>\n<p>Cabe destacar que la distinci\u00f3n consiste en un Diploma de Honor cuyo reconocimiento fue instituido por el Poder Legislativo a partir de la sanci\u00f3n de la\u00a0Ley\u00a0<span class=\"titulo ng-binding\">1984-P, el 21 de noviembre de 2019.\u00a0<\/span>De acuerdo con la normativa, cada a\u00f1o los legisladores, instituciones acad\u00e9micas y agrupaciones art\u00edsticas, podr\u00e1n presentar propuestas postulando artistas pl\u00e1sticos ante la C\u00e1mara de Diputados de la provincia de San Juan hasta el 30 de junio de cada a\u00f1o.<\/p>\n<p>En la ocasi\u00f3n, el secretario Administrativo Lic. Roberto Iglesias explic\u00f3 los detalles del proceso: \u201cen relaci\u00f3n a la convocatoria es importante destacar que es la C\u00e1mara de Diputados de la provincia quien convoca a postulantes de artistas pl\u00e1sticos para esta menci\u00f3n. En cuanto a la postulaci\u00f3n, esta es llevada a cabo por los diputados y diputadas, instituciones acad\u00e9micas y agrupaciones de artistas pl\u00e1sticos. Una vez recibida las postulaciones, el Poder Legislativo elabora un acta de recepci\u00f3n que luego es puesto a disposici\u00f3n de cada miembro del jurado, manteniendo la reserva de la identidad de las personas, instituciones y agrupaciones que han realizado las postulaciones. A los efectos de evaluar a los candidatos y emitir dictamen, la C\u00e1mara convoca a un jurado de cinco personas integrado por ciudadanos que promueven las artes pl\u00e1ticas, artistas pl\u00e1sticos, curadores de arte, todos de reconocidas trayectorias en la provincia. Los miembros del jurado trabajan de manera an\u00f3nima y con total independencia de criterio al momento de anexar las postulaciones. La identidad de ellos se mantiene secreta durante todo el proceso de evaluaci\u00f3n y solamente es revelada al momento del otorgamiento de la distinci\u00f3n. Ellos eval\u00faan cada candidato y proceden a asignar un orden de m\u00e9rito a cada uno de los postulantes, especificando qui\u00e9n es el primero, quien es el segundo y quien es el tercero. Esta informaci\u00f3n despu\u00e9s es volcada en una planilla que es remitida dentro de los quince d\u00edas a la C\u00e1mara de Diputados. Recibido los dict\u00e1menes de cada uno de los cinco integrantes del tribunal, el Poder Legislativo le otorga un puntaje a cada uno de las ternas, al primero le otorga cien puntos, al segundo cincuenta y al tercero veinticinco puntos. Luego se procede a realizar la sumatoria y se determina el orden del m\u00e9rito, resultando ganador quien obtuvo mayor puntaje\u201d.<\/p>\n<p>En esta oportunidad, para la determinaci\u00f3n del presente ganador de la menci\u00f3n participaron las siguientes instituciones:<\/p>\n<ul>\n<li>Departamento de Artes Visuales de la Facultad de Filosof\u00eda, Humanidades y Artes de la Universidad Nacional de San Juan;<\/li>\n<li>Instituto Expresi\u00f3n Visual de la UNSJ;<\/li>\n<li>Centro Cultural de Artes Pl\u00e1sticas y Museo Tornamb\u00e9 UNSJ;<\/li>\n<li>Centro Polivalente de Artes de San Juan;<\/li>\n<li>18 Mundos Colectivo Art\u00edstico;<\/li>\n<li>Por un Nuevo Proyecto de Vida FFHA de la UNSJ;<\/li>\n<li>Asociaci\u00f3n Benefactora del Museo Provincial de Bellas Artes Franklin Rawson;<\/li>\n<li>Alianza Francesa;<\/li>\n<li>Sociedad Israelita de Beneficencia;<\/li>\n<li>Asociaci\u00f3n Fot\u00f3grafos Sanjuaninos;<\/li>\n<li>Centro Creativo ISA;<\/li>\n<li>Centro de Artistas Pl\u00e1sticos de San Juan;<\/li>\n<li>El Grito. Taller Creativo;<\/li>\n<li>Espacio Arte Taller;<\/li>\n<li>Fundaci\u00f3n Exedra San Juan;<\/li>\n<li>La G\u00e1rgola, Talleres Art\u00edsticos;<\/li>\n<li>Latitud 31 Sur; ARTIFY, Galer\u00eda de Arte;<\/li>\n<li>Risarte Inclusivo;<\/li>\n<li>Taller de Dibujo y Pintura A. Carabante.<\/li>\n<\/ul>\n<p>Por otra parte, se sumaron para presentar a artistas sanjuaninos como candidatos a la menci\u00f3n de honor las diputadas Ramella Celina, Monti Marcela, Quiroga Marcela, Pic\u00f3n Nancy Viviana y los legisladores\u00a0 Platero Carlos Antonio, Jaime Quiroga Carlos, Sancassani Edgardo,\u00a0 Cabello Eduardo,\u00a0 Gioja Juan Carlos, Chica Juan Jos\u00e9,\u00a0 Roca Juan Manuel, Jalife Rodolfo, Carri\u00f3n Rub\u00e9n Alberto, Miodowsky Sergio David y Atencio Silvio Marcelo.<\/p>\n<p>En total hubo treinta y cuatro postulaciones y el jurado integrado por destacados artistas locales y gestores culturales como Silvina Mart\u00ednez, Mirta Romero, Carlos G\u00f3mez Centuri\u00f3n, Arturo Sierra y Leonardo Siere, quienes desempe\u00f1aron su labor en forma an\u00f3nima y secreta en la respectiva valoraci\u00f3n.<\/p>\n<p><span style=\"color: #993366;\"><strong>Sobre el artista Humberto Costa<\/strong><\/span><\/p>\n<p>Naci\u00f3 en Valle F\u00e9rtil y en su adolescencia se traslad\u00f3 a la ciudad de San Juan donde realiz\u00f3 sus estudios secundarios y universitarios. Desde muy joven manifiest\u00f3 su vocaci\u00f3n por el arte, gradu\u00e1ndose como Profesor de Artes Pl\u00e1sticas, con orientaci\u00f3n en escultura, en la Universidad Nacional de San Juan. Su actividad laboral fue compartida entre su taller y la docencia. Se desempe\u00f1\u00f3 como profesor en el Departamento de Artes Visuales de la Facultad de Filosof\u00eda Humanidades y Artes de la Universidad Nacional de San Juan. En los \u00faltimos diez a\u00f1os fue parte de los equipos de las c\u00e1tedras de Tecnolog\u00eda de los materiales, Dibujo, Pintura y Escultura, hasta jubilarse de su actividad docente en 2013.<\/p>\n<p>Desde 1976 participa en muestras individuales y colectivas de dibujo, pintura y escultura provinciales y nacionales. Participa en ferias y salones regionales, nacionales e internacionales. Ha recibido premios y distinciones en dibujo, pintura y escultura. Sus obras se encuentran en colecciones privadas e instituciones p\u00fablicas.<\/p>\n<p>Humberto Costa asume con gran compromiso su labor art\u00edstica, valor que lo posiciona como un referente del arte local, en su extensa participaci\u00f3n en muestras, exposiciones, ferias, concursos, ha demostrado su conocimiento en m\u00faltiples t\u00e9cnicas y sus combinaciones, logrando en sus obras la expresi\u00f3n de la realidad intervenida. Fiel a su proyecto de vida, participa en la actualidad en colectivos de arte y su conocimiento en la materia lo hace ser protagonista de\u00a0 presentaciones de artistas, jurado y participante de mesas de di\u00e1logo.<\/p>\n<\/div>\n<p>&nbsp;<\/p>\n<p>&nbsp;<\/p>\n","protected":false},"excerpt":{"rendered":"<p>En el marco del cumplimiento de la Ley 1984-P, fue realizada la entrega de la distinci\u00f3n \u201cMenci\u00f3n de Honor Maestro<\/p>\n","protected":false},"author":3,"featured_media":41316,"comment_status":"closed","ping_status":"closed","sticky":false,"template":"","format":"standard","meta":{"_acf_changed":false,"_seopress_robots_primary_cat":"none","_seopress_titles_title":"","_seopress_titles_desc":"","_seopress_robots_index":"","colormag_page_container_layout":"default_layout","colormag_page_sidebar_layout":"default_layout","footnotes":""},"categories":[1],"tags":[],"class_list":["post-41314","post","type-post","status-publish","format-standard","has-post-thumbnail","hentry","category-destacadas"],"acf":[],"_links":{"self":[{"href":"https:\/\/vocesparalelas.com.ar\/sitio\/wp-json\/wp\/v2\/posts\/41314","targetHints":{"allow":["GET"]}}],"collection":[{"href":"https:\/\/vocesparalelas.com.ar\/sitio\/wp-json\/wp\/v2\/posts"}],"about":[{"href":"https:\/\/vocesparalelas.com.ar\/sitio\/wp-json\/wp\/v2\/types\/post"}],"author":[{"embeddable":true,"href":"https:\/\/vocesparalelas.com.ar\/sitio\/wp-json\/wp\/v2\/users\/3"}],"replies":[{"embeddable":true,"href":"https:\/\/vocesparalelas.com.ar\/sitio\/wp-json\/wp\/v2\/comments?post=41314"}],"version-history":[{"count":1,"href":"https:\/\/vocesparalelas.com.ar\/sitio\/wp-json\/wp\/v2\/posts\/41314\/revisions"}],"predecessor-version":[{"id":41317,"href":"https:\/\/vocesparalelas.com.ar\/sitio\/wp-json\/wp\/v2\/posts\/41314\/revisions\/41317"}],"wp:featuredmedia":[{"embeddable":true,"href":"https:\/\/vocesparalelas.com.ar\/sitio\/wp-json\/wp\/v2\/media\/41316"}],"wp:attachment":[{"href":"https:\/\/vocesparalelas.com.ar\/sitio\/wp-json\/wp\/v2\/media?parent=41314"}],"wp:term":[{"taxonomy":"category","embeddable":true,"href":"https:\/\/vocesparalelas.com.ar\/sitio\/wp-json\/wp\/v2\/categories?post=41314"},{"taxonomy":"post_tag","embeddable":true,"href":"https:\/\/vocesparalelas.com.ar\/sitio\/wp-json\/wp\/v2\/tags?post=41314"}],"curies":[{"name":"wp","href":"https:\/\/api.w.org\/{rel}","templated":true}]}}