{"id":41258,"date":"2021-08-28T11:29:11","date_gmt":"2021-08-28T14:29:11","guid":{"rendered":"https:\/\/vocesparalelas.com.ar\/sitio\/?p=41258"},"modified":"2021-08-31T01:41:00","modified_gmt":"2021-08-31T04:41:00","slug":"firma-de-convenio-para-que-los-internos-del-servicio-penitenciario-finalicen-los-estudios-primarios-y-secundarios-de-san-juan","status":"publish","type":"post","link":"https:\/\/vocesparalelas.com.ar\/sitio\/firma-de-convenio-para-que-los-internos-del-servicio-penitenciario-finalicen-los-estudios-primarios-y-secundarios-de-san-juan\/","title":{"rendered":"Firma de convenio para que los Internos del Servicio Penitenciario finalicen los estudios primarios y secundarios de San Juan"},"content":{"rendered":"<p>El ministro de Educaci\u00f3n del Gobierno de San Juan, Lic. Felipe De Los R\u00edos, junto al secretario de Estado de Seguridad y Orden P\u00fablico, Carlos Munisaga, firmaron el acta complementaria al convenio marco de cooperaci\u00f3n entre ambas reparticiones para garantizar el acceso a la educaci\u00f3n por parte de las personas privadas de su libertad.<\/p>\n<p>A trav\u00e9s del acuerdo, el Ministerio de Educaci\u00f3n se compromete a trasladar a la Escuela de Educaci\u00f3n Especial Brandes, existente en el Servicio Penitenciario Provincial, una escuela dependiente del Nivel de Educaci\u00f3n de Adultos denominada Escuela Nocturna Mat\u00edas Zavalla, sede y anexo de educaci\u00f3n primaria para adultos, garantizando la terminalidad de los estudios primarios y secundarios de los internos, quienes una vez finalizados los mismos podr\u00e1n acceder a su t\u00edtulo certificado.<\/p>\n<p>Adem\u00e1s, se instala una Escuela de Capacitaci\u00f3n Laboral con el objetivo de que puedan aprender un oficio, garantizando la educaci\u00f3n t\u00e9cnico profesional y asegurando que la certificaci\u00f3n sea avalada por esa \u00e1rea del Estado. Se ponen en ejecuci\u00f3n talleres de carpinter\u00eda y soldaduras, cuyos materiales y equipamientos ser\u00e1n provistos desde la Direcci\u00f3n de Laborterapia del Servicio Penitenciario Provincial.<\/p>\n<p>Los mismos tienen como tarea principal la reparaci\u00f3n y reacondicionamiento de los bancos que se encuentren rotos de los establecimientos educativos de la provincia. Para el dictado de las capacitaciones, el Ministerio de Educaci\u00f3n hace entrega de m\u00f3dulos prefabricados totalmente acondicionados y con ba\u00f1os incluidos.<\/p>\n<p>Por su parte, la Secretar\u00eda de Estado de Seguridad y Orden P\u00fablico provee con el equipamiento, materiales y herramientas necesarios para que se lleven adelante todas las tareas que se realicen en esas aulas.<\/p>\n<p><img loading=\"lazy\" decoding=\"async\" class=\"alignnone wp-image-41261 size-large\" src=\"https:\/\/vocesparalelas.com.ar\/sitio\/wp-content\/uploads\/2021\/08\/SEGURIDAD-EDUCACION-02-800x516.jpg\" alt=\"\" width=\"800\" height=\"516\" srcset=\"https:\/\/vocesparalelas.com.ar\/sitio\/wp-content\/uploads\/2021\/08\/SEGURIDAD-EDUCACION-02-800x516.jpg 800w, https:\/\/vocesparalelas.com.ar\/sitio\/wp-content\/uploads\/2021\/08\/SEGURIDAD-EDUCACION-02-300x194.jpg 300w, https:\/\/vocesparalelas.com.ar\/sitio\/wp-content\/uploads\/2021\/08\/SEGURIDAD-EDUCACION-02-768x496.jpg 768w, https:\/\/vocesparalelas.com.ar\/sitio\/wp-content\/uploads\/2021\/08\/SEGURIDAD-EDUCACION-02.jpg 1024w\" sizes=\"auto, (max-width: 800px) 100vw, 800px\" \/><\/p>\n<p><img loading=\"lazy\" decoding=\"async\" class=\"alignnone wp-image-41260 size-large\" src=\"https:\/\/vocesparalelas.com.ar\/sitio\/wp-content\/uploads\/2021\/08\/SEGURIDAD-EDUCACION-01-800x541.jpg\" alt=\"\" width=\"800\" height=\"541\" srcset=\"https:\/\/vocesparalelas.com.ar\/sitio\/wp-content\/uploads\/2021\/08\/SEGURIDAD-EDUCACION-01-800x541.jpg 800w, https:\/\/vocesparalelas.com.ar\/sitio\/wp-content\/uploads\/2021\/08\/SEGURIDAD-EDUCACION-01-300x203.jpg 300w, https:\/\/vocesparalelas.com.ar\/sitio\/wp-content\/uploads\/2021\/08\/SEGURIDAD-EDUCACION-01-768x519.jpg 768w, https:\/\/vocesparalelas.com.ar\/sitio\/wp-content\/uploads\/2021\/08\/SEGURIDAD-EDUCACION-01.jpg 1024w\" sizes=\"auto, (max-width: 800px) 100vw, 800px\" \/><\/p>\n<p>El secretario de Estado de Seguridad y Orden P\u00fablico, Dr. Carlos Munisaga, , resalt\u00f3 la importancia de \u201cdar un paso m\u00e1s en pol\u00edtica de reinserci\u00f3n dentro del Servicio Penitenciario Provincial. Es muy importante que sepan que tienen sus derechos de poder terminar los estudios, capacitarse en alg\u00fan oficio, y sobre todo, contar con certificaci\u00f3n legalizada, para que en un futuro puedan insertarse en el plano laboral\u201d.<\/p>\n<p>A su turno, el ministro de Educaci\u00f3n, Lic. Felipe De Los R\u00edos, enfatiz\u00f3 que \u201cel conformar dentro del Servicio Penitenciario una escuela de formaci\u00f3n profesional garantiza que los internos puedan tener acceso a la educaci\u00f3n y a los oficios. Estos son grandes logros que en la tierra del maestro Domingo Faustino Sarmiento se distinga de privilegiar la cultura y la educaci\u00f3n, a\u00fan en aquellos que est\u00e1n, por un tiempo, limitados de la libertad\u201d.<\/p>\n<p>Por su parte, el director del Servicio Penitenciario Provincial, Dr. Javier Figuerola, destac\u00f3 que \u00abla ampliaci\u00f3n de la capacidad educativa dentro del Servicio Penitenciario con la integraci\u00f3n de nuevos profesores. Otro de los puntos relevantes, es tener la posibilidad, y nos hemos comprometido en ello, con el reacondicionamiento y las mejoras, y con la reparaci\u00f3n de los bancos de las escuelas de la provincia. Para eso estamos llevando un programa de modificaci\u00f3n en la carpinter\u00eda para afrontar cuando comiencen con las tareas de reparaci\u00f3n de los bancos escolares\u00bb.<\/p>\n<p>Tambi\u00e9n, estuvieron presentes el subsecretario de Seguridad, Abel Hernandez; el director del Servicio Penitenciario Provincial, Javier Figuerola; el subdirector del Servicio Penitenciario Provincial, Crio. Mayor, V\u00edctor Eduardo Videla. Por parte de la cartera educativa la secretaria de Educaci\u00f3n, Rosana Vicentela; subsecretaria de Planeamiento Educativo, Alicia Bernardini; directora de Adultos, Patricia Guti\u00e9rrez, y la secretaria administrativa financiera, Daniela Gonz\u00e1lez.<\/p>\n<p>&nbsp;<\/p>\n<p>&nbsp;<\/p>\n<p>&nbsp;<\/p>\n","protected":false},"excerpt":{"rendered":"<p>El ministro de Educaci\u00f3n del Gobierno de San Juan, Lic. Felipe De Los R\u00edos, junto al secretario de Estado de<\/p>\n","protected":false},"author":3,"featured_media":41262,"comment_status":"closed","ping_status":"closed","sticky":false,"template":"","format":"standard","meta":{"_acf_changed":false,"_seopress_robots_primary_cat":"none","_seopress_titles_title":"","_seopress_titles_desc":"","_seopress_robots_index":"","colormag_page_container_layout":"default_layout","colormag_page_sidebar_layout":"default_layout","footnotes":""},"categories":[9],"tags":[],"class_list":["post-41258","post","type-post","status-publish","format-standard","has-post-thumbnail","hentry","category-cursos"],"acf":[],"_links":{"self":[{"href":"https:\/\/vocesparalelas.com.ar\/sitio\/wp-json\/wp\/v2\/posts\/41258","targetHints":{"allow":["GET"]}}],"collection":[{"href":"https:\/\/vocesparalelas.com.ar\/sitio\/wp-json\/wp\/v2\/posts"}],"about":[{"href":"https:\/\/vocesparalelas.com.ar\/sitio\/wp-json\/wp\/v2\/types\/post"}],"author":[{"embeddable":true,"href":"https:\/\/vocesparalelas.com.ar\/sitio\/wp-json\/wp\/v2\/users\/3"}],"replies":[{"embeddable":true,"href":"https:\/\/vocesparalelas.com.ar\/sitio\/wp-json\/wp\/v2\/comments?post=41258"}],"version-history":[{"count":1,"href":"https:\/\/vocesparalelas.com.ar\/sitio\/wp-json\/wp\/v2\/posts\/41258\/revisions"}],"predecessor-version":[{"id":41263,"href":"https:\/\/vocesparalelas.com.ar\/sitio\/wp-json\/wp\/v2\/posts\/41258\/revisions\/41263"}],"wp:featuredmedia":[{"embeddable":true,"href":"https:\/\/vocesparalelas.com.ar\/sitio\/wp-json\/wp\/v2\/media\/41262"}],"wp:attachment":[{"href":"https:\/\/vocesparalelas.com.ar\/sitio\/wp-json\/wp\/v2\/media?parent=41258"}],"wp:term":[{"taxonomy":"category","embeddable":true,"href":"https:\/\/vocesparalelas.com.ar\/sitio\/wp-json\/wp\/v2\/categories?post=41258"},{"taxonomy":"post_tag","embeddable":true,"href":"https:\/\/vocesparalelas.com.ar\/sitio\/wp-json\/wp\/v2\/tags?post=41258"}],"curies":[{"name":"wp","href":"https:\/\/api.w.org\/{rel}","templated":true}]}}