{"id":41205,"date":"2021-08-26T22:05:44","date_gmt":"2021-08-27T01:05:44","guid":{"rendered":"https:\/\/vocesparalelas.com.ar\/sitio\/?p=41205"},"modified":"2021-08-28T12:48:54","modified_gmt":"2021-08-28T15:48:54","slug":"firmaron-convenio-para-la-implementacion-del-plan-fines-para-los-trabajadores-de-una-empresa-privadasecundaria","status":"publish","type":"post","link":"https:\/\/vocesparalelas.com.ar\/sitio\/firmaron-convenio-para-la-implementacion-del-plan-fines-para-los-trabajadores-de-una-empresa-privadasecundaria\/","title":{"rendered":"Firmaron convenio para la implementaci\u00f3n del Plan FinEs para los trabajadores de una empresa privadasecundaria"},"content":{"rendered":"<p>El ministro de Educaci\u00f3n del Gobierno de San Juan, Lic. Felipe De Los R\u00edos, firm\u00f3 un convenio con el gerente de Recursos Humanos de la empresa Solfrut SA, Lic. Daniel Eduardo Fern\u00e1ndez radicada en el departamento de 25 de Mayo, con el prop\u00f3sito de implementar el Plan de Finalizaci\u00f3n de Estudios Primarios, Secundarios, para J\u00f3venes y Adultos &#8211; FinEs.<\/p>\n<p>De esta manera, se establece un plan de acci\u00f3n compartido para atender las inquietudes y necesidades de los empleados de la empresa y de la comunidad en general, promoviendo proyectos orientados al impulso y desarrollo educativo y procurando planes de colaboraci\u00f3n para el desarrollo sustentable de toda la comunidad.<\/p>\n<p>En el encuentro participaron adem\u00e1s la directora de Educaci\u00f3n de Adultos, Prof. Patricia Guti\u00e9rrez; el director de la Escuela Agrot\u00e9cnica de 25 de Mayo, Prof. Roberto Enr\u00edquez y el director del Instituto no formal, Prof. Ariel Goransky.<\/p>\n<p>El ministro se dirigi\u00f3 a los presentes agradeciendo el compromiso de posibilitar el finalizar estudios y as\u00ed poder mejorar las condiciones laborales y de vida de la comunidad La Casuarinas, Departamento 25 de Mayo.<\/p>\n<p>Por su parte Fern\u00e1ndez manifest\u00f3 que \u00abes un logro este acuerdo en la integraci\u00f3n de lo p\u00fablico y lo privado y que directamente beneficia a las personas de una zona rural. Agradecemos la disposici\u00f3n del ministro, que inmediatamente accedi\u00f3. En una primera etapa van a asistir 15 empleados de la f\u00e1brica y tambi\u00e9n los hijos del personal. Son personas que tienen entre 30 y 60 a\u00f1os y que por diferentes motivos no pudieron terminar la primaria y la secundaria\u201d.<\/p>\n<p>El director de la escuela, Prof. Roberto Enriquez, expres\u00f3 que \u00abes otra oportunidad en la vida; es gratuita, con horarios accesibles para quienes trabajan. Se desarrollar\u00e1 de 17.30 a 21 horas, con un amplio apoyo en el acompa\u00f1amiento de las trayectorias educativas para que desarrollen su capacidades y terminen estudios\u201d.<\/p>\n<p>Para finalizar, la directora de Educaci\u00f3n de Adultos, Prof. Patricia Gutierrez, detall\u00f3 que \u00ablos alumnos comienzan a cursar en el edificio de la Escuela Agrot\u00e9cnica de 25 de Mayo, en Septiembre, dos veces por semana. Al finalizar, en Noviembre, deben rendir. La empresa colabora con el pago a los tutores\u201d.<\/p>\n<p>&nbsp;<\/p>\n<p><img loading=\"lazy\" decoding=\"async\" class=\"alignnone wp-image-41208 size-large\" src=\"https:\/\/vocesparalelas.com.ar\/sitio\/wp-content\/uploads\/2021\/08\/FINES-PRIVADO-02-800x378.jpg\" alt=\"\" width=\"800\" height=\"378\" srcset=\"https:\/\/vocesparalelas.com.ar\/sitio\/wp-content\/uploads\/2021\/08\/FINES-PRIVADO-02-800x378.jpg 800w, https:\/\/vocesparalelas.com.ar\/sitio\/wp-content\/uploads\/2021\/08\/FINES-PRIVADO-02-300x142.jpg 300w, https:\/\/vocesparalelas.com.ar\/sitio\/wp-content\/uploads\/2021\/08\/FINES-PRIVADO-02-768x363.jpg 768w, https:\/\/vocesparalelas.com.ar\/sitio\/wp-content\/uploads\/2021\/08\/FINES-PRIVADO-02.jpg 1024w\" sizes=\"auto, (max-width: 800px) 100vw, 800px\" \/><\/p>\n","protected":false},"excerpt":{"rendered":"<p>El ministro de Educaci\u00f3n del Gobierno de San Juan, Lic. Felipe De Los R\u00edos, firm\u00f3 un convenio con el gerente<\/p>\n","protected":false},"author":3,"featured_media":41207,"comment_status":"closed","ping_status":"closed","sticky":false,"template":"","format":"standard","meta":{"_acf_changed":false,"_seopress_robots_primary_cat":"none","_seopress_titles_title":"","_seopress_titles_desc":"","_seopress_robots_index":"","colormag_page_container_layout":"default_layout","colormag_page_sidebar_layout":"default_layout","footnotes":""},"categories":[9],"tags":[],"class_list":["post-41205","post","type-post","status-publish","format-standard","has-post-thumbnail","hentry","category-cursos"],"acf":[],"_links":{"self":[{"href":"https:\/\/vocesparalelas.com.ar\/sitio\/wp-json\/wp\/v2\/posts\/41205","targetHints":{"allow":["GET"]}}],"collection":[{"href":"https:\/\/vocesparalelas.com.ar\/sitio\/wp-json\/wp\/v2\/posts"}],"about":[{"href":"https:\/\/vocesparalelas.com.ar\/sitio\/wp-json\/wp\/v2\/types\/post"}],"author":[{"embeddable":true,"href":"https:\/\/vocesparalelas.com.ar\/sitio\/wp-json\/wp\/v2\/users\/3"}],"replies":[{"embeddable":true,"href":"https:\/\/vocesparalelas.com.ar\/sitio\/wp-json\/wp\/v2\/comments?post=41205"}],"version-history":[{"count":1,"href":"https:\/\/vocesparalelas.com.ar\/sitio\/wp-json\/wp\/v2\/posts\/41205\/revisions"}],"predecessor-version":[{"id":41209,"href":"https:\/\/vocesparalelas.com.ar\/sitio\/wp-json\/wp\/v2\/posts\/41205\/revisions\/41209"}],"wp:featuredmedia":[{"embeddable":true,"href":"https:\/\/vocesparalelas.com.ar\/sitio\/wp-json\/wp\/v2\/media\/41207"}],"wp:attachment":[{"href":"https:\/\/vocesparalelas.com.ar\/sitio\/wp-json\/wp\/v2\/media?parent=41205"}],"wp:term":[{"taxonomy":"category","embeddable":true,"href":"https:\/\/vocesparalelas.com.ar\/sitio\/wp-json\/wp\/v2\/categories?post=41205"},{"taxonomy":"post_tag","embeddable":true,"href":"https:\/\/vocesparalelas.com.ar\/sitio\/wp-json\/wp\/v2\/tags?post=41205"}],"curies":[{"name":"wp","href":"https:\/\/api.w.org\/{rel}","templated":true}]}}