{"id":41199,"date":"2021-08-26T21:18:22","date_gmt":"2021-08-27T00:18:22","guid":{"rendered":"https:\/\/vocesparalelas.com.ar\/sitio\/?p=41199"},"modified":"2021-08-28T13:55:12","modified_gmt":"2021-08-28T16:55:12","slug":"capacitacion-en-tecnologias-para-jovenes-de-san-juan-a-traves-del-programa-cloud-academy","status":"publish","type":"post","link":"https:\/\/vocesparalelas.com.ar\/sitio\/capacitacion-en-tecnologias-para-jovenes-de-san-juan-a-traves-del-programa-cloud-academy\/","title":{"rendered":"Capacitaci\u00f3n en tecnolog\u00edas para j\u00f3venes de San Juan a trav\u00e9s del Programa Cloud Academy"},"content":{"rendered":"<div class=\"itemBody\">\n<div class=\"itemFullText\">\n<p>El Gobierno de San Juan junto a BGH Tech Partner,\u00a0iniciaron una convocatoria para la tercera edici\u00f3n de\u00a0BGH Tech Partner Cloud Academy destinada a j\u00f3venes que viven en San Juan, con el fin de capacitarlos y certificarlos en infraestructura cloud, brindando oportunidades de formaci\u00f3n profesional e inserci\u00f3n laboral de calidad. BGH Tech Partner es la unidad de negocios del Grupo BGH que brinda soluciones tecnol\u00f3gicas para que las organizaciones lideren la transformaci\u00f3n digital.<\/p>\n<p><iframe loading=\"lazy\" title=\"San Juan capacitar\u00e1 en tecnolog\u00edas inform\u00e1ticas a estudiantes secundarios y universitarios\" width=\"800\" height=\"450\" src=\"https:\/\/www.youtube.com\/embed\/HkNOzohNg5c?feature=oembed\" frameborder=\"0\" allow=\"accelerometer; autoplay; clipboard-write; encrypted-media; gyroscope; picture-in-picture\" allowfullscreen><\/iframe><\/p>\n<p>Los interesados en sumarse a este programa que brinda capacitaci\u00f3n y certificaci\u00f3n a estudiantes universitarios en el campo de los servicios Cloud pueden participar de la charla introductoria a realizarse el Martes, 31 de Agosto, a las 18 hs, previa inscripci\u00f3n en<\/p>\n<p><a href=\"http:\/\/cloudacademy.bghtp.cloud\/\">http:\/\/cloudacademy.bghtp.cloud<\/a>.<\/p>\n<p>En primera instancia, el gobernador de San Juan, Dr. Sergio U\u00f1ac, manifest\u00f3 que \u201csin dudas se trata de una oportunidad sin precedentes en nuestra provincia, donde j\u00f3venes sanjuaninos podr\u00e1n capacitarse en las tecnolog\u00edas del futuro\u00bb.<\/p>\n<p>El mandatario sanjuanino agradeci\u00f3 a BGH Tech Partner por considerar a San Juan en este plan y agreg\u00f3 que \u00abestamos seguros que el talento local ser\u00e1 de importancia para los pr\u00f3ximos desaf\u00edos\u201d.<\/p>\n<p>A su vez, el CEO del Grupo BGH, Marcelo Girotti se\u00f1al\u00f3 que \u201cestamos muy contentos de poder extender este programa a la provincia de San Juan, donde hemos encontrado una gran expectativa y estamos muy entusiasmados de poder colaborar con el impulso del talento local. Creemos que hay estudiantes que, por encontrarse geogr\u00e1ficamente distantes de CABA, no pueden acceder a oportunidades laborales desafiantes. Queremos convertirlos en nuestros grandes aliados para potenciar nuestro talento\u00bb.<\/p>\n<p>En tanto que, el ministro de Educaci\u00f3n de San Juan, Lic. Felipe De Los R\u00edos\u00a0afirm\u00f3 que \u201ces una gran noticia que este tipo de iniciativas tengan lugar en nuestra provincia. Sabemos que los j\u00f3venes sanjuaninos podr\u00e1n demostrar todo su talento, creatividad y responsabilidad y aprovechar al m\u00e1ximo esta gran oportunidad\u00bb.<\/p>\n<p>La empresa busca replicar los resultados obtenidos en la edici\u00f3n de Tierra del Fuego, provincia en la que se inscribieron 170 j\u00f3venes, de los cuales fueron seleccionados 12 candidatos que participaron de m\u00e1s de 70 sesiones de trabajo y 250 horas de capacitaci\u00f3n.<\/p>\n<p>Los perfiles de b\u00fasqueda est\u00e1n centrados en estudiantes y graduados de las carreras de Licenciatura en Inform\u00e1tica, Tecnicatura en Inform\u00e1tica, Ingenier\u00eda Inform\u00e1tica, Ingenier\u00eda de Sistemas, Ingenier\u00eda Industrial, otras Ingenier\u00edas, Ciencias de la Computaci\u00f3n, Programaci\u00f3n, Analista de Sistemas, o afines.<\/p>\n<p>Los arquitectos e ingenieros Cloud se han convertido en recursos muy buscados a la hora de dise\u00f1ar y administrar proyectos en empresas y organizaciones en general. El \u2018Cloud Computing\u2019 o \u2018computaci\u00f3n en la nube\u2019 est\u00e1 relacionado con la provisi\u00f3n de servicios de c\u00f3mputo a trav\u00e9s de internet (la \u2018nube\u2019); incluye servidores, almacenamiento, bases de datos, redes, software, anal\u00edticas e inteligencia y permite ganar velocidad, flexibilidad y econom\u00eda de escala en la implementaci\u00f3n de proyectos frente a los esquemas tradicionales.<\/p>\n<p>\u201cLas tareas de estos expertos tienen que ver con convertir los requerimientos t\u00e9cnicos de un proyecto en una arquitectura y un dise\u00f1o Cloud que permita hacerlos realidad. Es un \u00e1mbito en el que los j\u00f3venes especializados en IT tendr\u00e1n muchas posibilidades de desarrollarse profesionalmente y poder desplegar todo su potencial, creatividad y talento. Estamos muy contentos de poder presentar esta oportunidad en la provincia de San Juan\u201d, finaliz\u00f3\u00a0Andr\u00e9s Alexander, SVP Cluster Regional de Servicios y Cloud en BGH Tech Partner.<\/p>\n<p><span style=\"color: #33cccc;\"><strong>Acerca de BGH Tech Partner<\/strong><\/span><\/p>\n<p>BGH Tech Partner es la unidad de negocios del Grupo BGH que brinda soluciones tecnol\u00f3gicas innovadoras para que las organizaciones lideren la era digital.<\/p>\n<p>Con presencia en seis pa\u00edses (Argentina, Uruguay, Chile, Per\u00fa, Colombia, Guatemala y Estados Unidos), su misi\u00f3n es contribuir al crecimiento y la competitividad de los gobiernos, organizaciones y ciudadanos, mediante una mejora en su infraestructura y sus procesos de negocios. Para m\u00e1s informaci\u00f3n: http:\/\/www.bghtechpartner.com\/<\/p>\n<p><span style=\"color: #33cccc;\"><strong>Acerca de Grupo BGH<\/strong><\/span><\/p>\n<p>BGH es un grupo empresario con m\u00e1s de 100 a\u00f1os de historia en la innovaci\u00f3n, el desarrollo y la comercializaci\u00f3n de productos y servicios tecnol\u00f3gicos de vanguardia. Brinda respuestas a las necesidades de empresas, organismos p\u00fablicos y consumidores de Am\u00e9rica Latina y \u00c1frica.<\/p>\n<p>La compa\u00f1\u00eda emplea a m\u00e1s de 1300 personas y tiene 2 plantas productivas en Argentina y \u00c1frica. Cuenta con operaciones en Argentina, Uruguay, Chile, Per\u00fa, Colombia, Brasil, Guatemala, Ruanda y Kenia.<\/p>\n<\/div>\n<\/div>\n<p><iframe loading=\"lazy\" title=\"Capacitaci\u00f3n Cloud Academy BGH Tech Partner\" width=\"800\" height=\"450\" src=\"https:\/\/www.youtube.com\/embed\/x17UO7dI1F8?feature=oembed\" frameborder=\"0\" allow=\"accelerometer; autoplay; clipboard-write; encrypted-media; gyroscope; picture-in-picture\" allowfullscreen><\/iframe><\/p>\n<p>&nbsp;<\/p>\n<div class=\"itemLinks\">\n<div class=\"itemCategory\"><\/div>\n<div class=\"clr\"><\/div>\n<\/div>\n<div class=\"itemBackToTop\"><\/div>\n","protected":false},"excerpt":{"rendered":"<p>El Gobierno de San Juan junto a BGH Tech Partner,\u00a0iniciaron una convocatoria para la tercera edici\u00f3n de\u00a0BGH Tech Partner Cloud<\/p>\n","protected":false},"author":3,"featured_media":41201,"comment_status":"closed","ping_status":"closed","sticky":false,"template":"","format":"standard","meta":{"_acf_changed":false,"_seopress_robots_primary_cat":"none","_seopress_titles_title":"","_seopress_titles_desc":"","_seopress_robots_index":"","colormag_page_container_layout":"default_layout","colormag_page_sidebar_layout":"default_layout","footnotes":""},"categories":[9],"tags":[],"class_list":["post-41199","post","type-post","status-publish","format-standard","has-post-thumbnail","hentry","category-cursos"],"acf":[],"_links":{"self":[{"href":"https:\/\/vocesparalelas.com.ar\/sitio\/wp-json\/wp\/v2\/posts\/41199","targetHints":{"allow":["GET"]}}],"collection":[{"href":"https:\/\/vocesparalelas.com.ar\/sitio\/wp-json\/wp\/v2\/posts"}],"about":[{"href":"https:\/\/vocesparalelas.com.ar\/sitio\/wp-json\/wp\/v2\/types\/post"}],"author":[{"embeddable":true,"href":"https:\/\/vocesparalelas.com.ar\/sitio\/wp-json\/wp\/v2\/users\/3"}],"replies":[{"embeddable":true,"href":"https:\/\/vocesparalelas.com.ar\/sitio\/wp-json\/wp\/v2\/comments?post=41199"}],"version-history":[{"count":1,"href":"https:\/\/vocesparalelas.com.ar\/sitio\/wp-json\/wp\/v2\/posts\/41199\/revisions"}],"predecessor-version":[{"id":41202,"href":"https:\/\/vocesparalelas.com.ar\/sitio\/wp-json\/wp\/v2\/posts\/41199\/revisions\/41202"}],"wp:featuredmedia":[{"embeddable":true,"href":"https:\/\/vocesparalelas.com.ar\/sitio\/wp-json\/wp\/v2\/media\/41201"}],"wp:attachment":[{"href":"https:\/\/vocesparalelas.com.ar\/sitio\/wp-json\/wp\/v2\/media?parent=41199"}],"wp:term":[{"taxonomy":"category","embeddable":true,"href":"https:\/\/vocesparalelas.com.ar\/sitio\/wp-json\/wp\/v2\/categories?post=41199"},{"taxonomy":"post_tag","embeddable":true,"href":"https:\/\/vocesparalelas.com.ar\/sitio\/wp-json\/wp\/v2\/tags?post=41199"}],"curies":[{"name":"wp","href":"https:\/\/api.w.org\/{rel}","templated":true}]}}