{"id":41187,"date":"2021-08-26T01:36:20","date_gmt":"2021-08-26T04:36:20","guid":{"rendered":"https:\/\/vocesparalelas.com.ar\/sitio\/?p=41187"},"modified":"2021-08-26T19:39:23","modified_gmt":"2021-08-26T22:39:23","slug":"adicus-convoca-a-la-asamblea-general-extraordinaria-virtual","status":"publish","type":"post","link":"https:\/\/vocesparalelas.com.ar\/sitio\/adicus-convoca-a-la-asamblea-general-extraordinaria-virtual\/","title":{"rendered":"ADICUS convoca a la Asamblea General Extraordinaria virtual"},"content":{"rendered":"<p>La Comisi\u00f3n Directiva de ADICUS convoca a la Asamblea General Extraordinaria para el Jueves, 26 de Agosto, a las 19 hs.; con modalidad virtual a trav\u00e9s de la plataforma Google Meet.<\/p>\n<p>A ra\u00edz de los reclamos de la Federaci\u00f3n, CONADU Hist\u00f3rica y la falta de convocatoria por parte del Gobierno Nacional a la Mesa de Negociaci\u00f3n Salarial, se decidi\u00f3 reunir al Plenario de Secretar\u00edas Generales para el Viernes, 27 de Agosto, para decidir las acciones gremiales que correspondan por parte de nuestra Federaci\u00f3n.<\/p>\n<p>Por esta raz\u00f3n la Comisi\u00f3n Directiva llama a Asamblea para que, entre todos los afiliados, se pueda analizar y debatir sobre la situaci\u00f3n salarial de la docencia universitaria, como as\u00ed tambi\u00e9n, construir el mandato que lleva el Secretario General al Plenario de la CONADU Hist\u00f3rica.<\/p>\n<p><strong><span style=\"color: #99cc00;\">Para ingresar a la Asamblea<\/span><\/strong><\/p>\n<p><a href=\"https:\/\/meet.google.com\/xhm-hfme-zyy\">https:\/\/meet.google.com\/xhm-hfme-zyy<\/a><\/p>\n<p>&nbsp;<\/p>\n<p><img loading=\"lazy\" decoding=\"async\" class=\"alignnone wp-image-12481 size-large\" src=\"https:\/\/vocesparalelas.com.ar\/sitio\/wp-content\/uploads\/2018\/06\/ADICUS-ABRAZO-02-800x534.jpg\" alt=\"\" width=\"800\" height=\"534\" srcset=\"https:\/\/vocesparalelas.com.ar\/sitio\/wp-content\/uploads\/2018\/06\/ADICUS-ABRAZO-02-800x534.jpg 800w, https:\/\/vocesparalelas.com.ar\/sitio\/wp-content\/uploads\/2018\/06\/ADICUS-ABRAZO-02-300x200.jpg 300w, https:\/\/vocesparalelas.com.ar\/sitio\/wp-content\/uploads\/2018\/06\/ADICUS-ABRAZO-02-768x512.jpg 768w, https:\/\/vocesparalelas.com.ar\/sitio\/wp-content\/uploads\/2018\/06\/ADICUS-ABRAZO-02.jpg 1000w\" sizes=\"auto, (max-width: 800px) 100vw, 800px\" \/><\/p>\n<p>&nbsp;<\/p>\n<p>&nbsp;<\/p>\n","protected":false},"excerpt":{"rendered":"<p>La Comisi\u00f3n Directiva de ADICUS convoca a la Asamblea General Extraordinaria para el Jueves, 26 de Agosto, a las 19<\/p>\n","protected":false},"author":3,"featured_media":30856,"comment_status":"closed","ping_status":"closed","sticky":false,"template":"","format":"standard","meta":{"_acf_changed":false,"_seopress_robots_primary_cat":"none","_seopress_titles_title":"","_seopress_titles_desc":"","_seopress_robots_index":"","colormag_page_container_layout":"default_layout","colormag_page_sidebar_layout":"default_layout","footnotes":""},"categories":[1],"tags":[],"class_list":["post-41187","post","type-post","status-publish","format-standard","has-post-thumbnail","hentry","category-destacadas"],"acf":[],"_links":{"self":[{"href":"https:\/\/vocesparalelas.com.ar\/sitio\/wp-json\/wp\/v2\/posts\/41187","targetHints":{"allow":["GET"]}}],"collection":[{"href":"https:\/\/vocesparalelas.com.ar\/sitio\/wp-json\/wp\/v2\/posts"}],"about":[{"href":"https:\/\/vocesparalelas.com.ar\/sitio\/wp-json\/wp\/v2\/types\/post"}],"author":[{"embeddable":true,"href":"https:\/\/vocesparalelas.com.ar\/sitio\/wp-json\/wp\/v2\/users\/3"}],"replies":[{"embeddable":true,"href":"https:\/\/vocesparalelas.com.ar\/sitio\/wp-json\/wp\/v2\/comments?post=41187"}],"version-history":[{"count":1,"href":"https:\/\/vocesparalelas.com.ar\/sitio\/wp-json\/wp\/v2\/posts\/41187\/revisions"}],"predecessor-version":[{"id":41189,"href":"https:\/\/vocesparalelas.com.ar\/sitio\/wp-json\/wp\/v2\/posts\/41187\/revisions\/41189"}],"wp:featuredmedia":[{"embeddable":true,"href":"https:\/\/vocesparalelas.com.ar\/sitio\/wp-json\/wp\/v2\/media\/30856"}],"wp:attachment":[{"href":"https:\/\/vocesparalelas.com.ar\/sitio\/wp-json\/wp\/v2\/media?parent=41187"}],"wp:term":[{"taxonomy":"category","embeddable":true,"href":"https:\/\/vocesparalelas.com.ar\/sitio\/wp-json\/wp\/v2\/categories?post=41187"},{"taxonomy":"post_tag","embeddable":true,"href":"https:\/\/vocesparalelas.com.ar\/sitio\/wp-json\/wp\/v2\/tags?post=41187"}],"curies":[{"name":"wp","href":"https:\/\/api.w.org\/{rel}","templated":true}]}}