{"id":41152,"date":"2021-08-25T22:25:34","date_gmt":"2021-08-26T01:25:34","guid":{"rendered":"https:\/\/vocesparalelas.com.ar\/sitio\/?p=41152"},"modified":"2021-08-26T01:37:17","modified_gmt":"2021-08-26T04:37:17","slug":"san-juan-coloco-el-914-de-las-773-760-dosis-recibidas-del-ministerio-de-salud-de-la-nacion","status":"publish","type":"post","link":"https:\/\/vocesparalelas.com.ar\/sitio\/san-juan-coloco-el-914-de-las-773-760-dosis-recibidas-del-ministerio-de-salud-de-la-nacion\/","title":{"rendered":"San Juan coloc\u00f3 el 91,4 % de las 773.760 dosis recibidas del Ministerio de Salud de la Naci\u00f3n"},"content":{"rendered":"<p>El Ministerio de Salud P\u00fablica del Gobierno de San Juan informa que alcanz\u00f3 a casi la totalidad de la poblaci\u00f3n con al menos una dosis.<\/p>\n<p>San Juan ya coloc\u00f3 el 91,4 % de las 773.760 dosis recibidas del Ministerio de Salud de la Naci\u00f3n y avanza en los diferentes grupos, inoculando un promedio de 10.000 personas por d\u00eda.<\/p>\n<p>Los n\u00fameros son muy alentadores, ya que 470.967 sanjuaninos recibieron primeras dosis y 236.240 ya completaron el esquema de vacunaci\u00f3n, llegando a 707.207 dosis colocadas en total.<\/p>\n<p>El 99% de las personas de 60 a\u00f1os o m\u00e1s se ha vacunado y en el caso de mayores de 50 a\u00f1os, el 90,6% ha recibido la primera dosis y el 72,3% la segunda.<\/p>\n<p>En relaci\u00f3n al grupo de 12 a 17 a\u00f1os, hasta el momento se han vacunado 6.274 adolescentes, es decir el 32%. Las comorbilidades m\u00e1s frecuentes que se han registrado son las enfermedades respiratorias, como afecci\u00f3n pulmonar, EPOC, asma grave, fibrosis qu\u00edstica, entre otras, y en segundo lugar la obesidad.<\/p>\n<p>El impacto de la vacunaci\u00f3n se ha visto reflejado en los n\u00fameros que a diario informa el Ministerio de Salud, mostrando una baja en cantidad de poblaci\u00f3n internados, sobre todo en \u00e1reas cr\u00edticas, promediando el 62%, alentando a continuar con la inoculaci\u00f3n en los 24 centros que est\u00e1n distribuidos en toda la provincia.<\/p>\n<p>La llegada de la variante Delta tambi\u00e9n presenta un desaf\u00edo y el objetivo es completar los esquemas de vacunaci\u00f3n en el menor tiempo posible, para lo cual se implementaron diversas alternativas, con mayor accesibilidad, a trav\u00e9s de unidades m\u00f3viles de vacunaci\u00f3n y AutoVac, ubicados en lugares estrat\u00e9gicos para abarcar un mayor n\u00famero de personas.<\/p>\n<p>&nbsp;<\/p>\n<p>&nbsp;<\/p>\n<p>&nbsp;<\/p>\n","protected":false},"excerpt":{"rendered":"<p>El Ministerio de Salud P\u00fablica del Gobierno de San Juan informa que alcanz\u00f3 a casi la totalidad de la poblaci\u00f3n<\/p>\n","protected":false},"author":3,"featured_media":38362,"comment_status":"closed","ping_status":"closed","sticky":false,"template":"","format":"standard","meta":{"_acf_changed":false,"_seopress_robots_primary_cat":"none","_seopress_titles_title":"","_seopress_titles_desc":"","_seopress_robots_index":"","colormag_page_container_layout":"default_layout","colormag_page_sidebar_layout":"default_layout","footnotes":""},"categories":[6],"tags":[],"class_list":["post-41152","post","type-post","status-publish","format-standard","has-post-thumbnail","hentry","category-eventos"],"acf":[],"_links":{"self":[{"href":"https:\/\/vocesparalelas.com.ar\/sitio\/wp-json\/wp\/v2\/posts\/41152","targetHints":{"allow":["GET"]}}],"collection":[{"href":"https:\/\/vocesparalelas.com.ar\/sitio\/wp-json\/wp\/v2\/posts"}],"about":[{"href":"https:\/\/vocesparalelas.com.ar\/sitio\/wp-json\/wp\/v2\/types\/post"}],"author":[{"embeddable":true,"href":"https:\/\/vocesparalelas.com.ar\/sitio\/wp-json\/wp\/v2\/users\/3"}],"replies":[{"embeddable":true,"href":"https:\/\/vocesparalelas.com.ar\/sitio\/wp-json\/wp\/v2\/comments?post=41152"}],"version-history":[{"count":1,"href":"https:\/\/vocesparalelas.com.ar\/sitio\/wp-json\/wp\/v2\/posts\/41152\/revisions"}],"predecessor-version":[{"id":41154,"href":"https:\/\/vocesparalelas.com.ar\/sitio\/wp-json\/wp\/v2\/posts\/41152\/revisions\/41154"}],"wp:featuredmedia":[{"embeddable":true,"href":"https:\/\/vocesparalelas.com.ar\/sitio\/wp-json\/wp\/v2\/media\/38362"}],"wp:attachment":[{"href":"https:\/\/vocesparalelas.com.ar\/sitio\/wp-json\/wp\/v2\/media?parent=41152"}],"wp:term":[{"taxonomy":"category","embeddable":true,"href":"https:\/\/vocesparalelas.com.ar\/sitio\/wp-json\/wp\/v2\/categories?post=41152"},{"taxonomy":"post_tag","embeddable":true,"href":"https:\/\/vocesparalelas.com.ar\/sitio\/wp-json\/wp\/v2\/tags?post=41152"}],"curies":[{"name":"wp","href":"https:\/\/api.w.org\/{rel}","templated":true}]}}