{"id":41149,"date":"2021-08-25T22:09:47","date_gmt":"2021-08-26T01:09:47","guid":{"rendered":"https:\/\/vocesparalelas.com.ar\/sitio\/?p=41149"},"modified":"2021-08-25T22:09:47","modified_gmt":"2021-08-26T01:09:47","slug":"se-debate-el-presupuesto-2021-de-la-unsj","status":"publish","type":"post","link":"https:\/\/vocesparalelas.com.ar\/sitio\/se-debate-el-presupuesto-2021-de-la-unsj\/","title":{"rendered":"Se debate el presupuesto 2021 de la UNSJ"},"content":{"rendered":"<p>El Jueves, 26 de Agosto, a las 17,30 hs.; se desarrolla la segunda sesi\u00f3n extraordinaria del Consejo Superior de la Universidad Nacional de San Juan, desde el cambio de autoridades. En el orden del d\u00eda, que contiene numerosos temas para debatir, el \u00edtem central es el tratamiento del presupuesto 2021.<\/p>\n<p>Este proyecto llega al cuerpo con un \u00fanico dictamen de la Comisi\u00f3n de Presupuesto, en el que se recomienda su aprobaci\u00f3n. Al mismo tiempo, el dictamen recomienda revisar para el presupuesto 2022, el porcentaje de distribuci\u00f3n asignado a cada unidad acad\u00e9mica.<\/p>\n<p>En otro orden, el cuerpo debe considerar el nombre de quien es el Responsable de la Oficina por la Igualdad de G\u00e9nero, contra las violencias y la discriminaci\u00f3n.<\/p>\n<p>El temario tambi\u00e9n comprende notas entradas y asuntos girados desde otras comisiones internas<\/p>\n","protected":false},"excerpt":{"rendered":"<p>El Jueves, 26 de Agosto, a las 17,30 hs.; se desarrolla la segunda sesi\u00f3n extraordinaria del Consejo Superior de la<\/p>\n","protected":false},"author":3,"featured_media":37900,"comment_status":"closed","ping_status":"closed","sticky":false,"template":"","format":"standard","meta":{"_acf_changed":false,"_seopress_robots_primary_cat":"none","_seopress_titles_title":"","_seopress_titles_desc":"","_seopress_robots_index":"","colormag_page_container_layout":"default_layout","colormag_page_sidebar_layout":"default_layout","footnotes":""},"categories":[1],"tags":[],"class_list":["post-41149","post","type-post","status-publish","format-standard","has-post-thumbnail","hentry","category-destacadas"],"acf":[],"_links":{"self":[{"href":"https:\/\/vocesparalelas.com.ar\/sitio\/wp-json\/wp\/v2\/posts\/41149","targetHints":{"allow":["GET"]}}],"collection":[{"href":"https:\/\/vocesparalelas.com.ar\/sitio\/wp-json\/wp\/v2\/posts"}],"about":[{"href":"https:\/\/vocesparalelas.com.ar\/sitio\/wp-json\/wp\/v2\/types\/post"}],"author":[{"embeddable":true,"href":"https:\/\/vocesparalelas.com.ar\/sitio\/wp-json\/wp\/v2\/users\/3"}],"replies":[{"embeddable":true,"href":"https:\/\/vocesparalelas.com.ar\/sitio\/wp-json\/wp\/v2\/comments?post=41149"}],"version-history":[{"count":1,"href":"https:\/\/vocesparalelas.com.ar\/sitio\/wp-json\/wp\/v2\/posts\/41149\/revisions"}],"predecessor-version":[{"id":41151,"href":"https:\/\/vocesparalelas.com.ar\/sitio\/wp-json\/wp\/v2\/posts\/41149\/revisions\/41151"}],"wp:featuredmedia":[{"embeddable":true,"href":"https:\/\/vocesparalelas.com.ar\/sitio\/wp-json\/wp\/v2\/media\/37900"}],"wp:attachment":[{"href":"https:\/\/vocesparalelas.com.ar\/sitio\/wp-json\/wp\/v2\/media?parent=41149"}],"wp:term":[{"taxonomy":"category","embeddable":true,"href":"https:\/\/vocesparalelas.com.ar\/sitio\/wp-json\/wp\/v2\/categories?post=41149"},{"taxonomy":"post_tag","embeddable":true,"href":"https:\/\/vocesparalelas.com.ar\/sitio\/wp-json\/wp\/v2\/tags?post=41149"}],"curies":[{"name":"wp","href":"https:\/\/api.w.org\/{rel}","templated":true}]}}