{"id":41138,"date":"2021-08-25T19:55:11","date_gmt":"2021-08-25T22:55:11","guid":{"rendered":"https:\/\/vocesparalelas.com.ar\/sitio\/?p=41138"},"modified":"2021-08-26T22:21:54","modified_gmt":"2021-08-27T01:21:54","slug":"charla-senales-de-alarma-cuando-pedir-ayuda","status":"publish","type":"post","link":"https:\/\/vocesparalelas.com.ar\/sitio\/charla-senales-de-alarma-cuando-pedir-ayuda\/","title":{"rendered":"Charla \u201cSe\u00f1ales de alarma \u00bfCu\u00e1ndo pedir ayuda?\u201d"},"content":{"rendered":"<p>El Viernes, 27 de Agosto, desde las 15 horas, V\u00eda Zoom, se desarrolla \u201cSe\u00f1ales de alarma \u00bfCu\u00e1ndo pedir ayuda?\u201d a cargo de la Dra. Romina Vallejos de la Fundaci\u00f3n INECO.<\/p>\n<p>Esta constituye la pen\u00faltima charla de un ciclo que desde el Ministerio de Desarrollo Humano del Gobierno de San Juan, a trav\u00e9s de la Direcci\u00f3n para Personas Mayores se ha ofrecido a la comunidad.<\/p>\n<p>Frecuentemente el deterioro cognitivo relacionado a las enfermedades neurodegenerativas, cursa con falta de conciencia de la persona que lo padece, es decir, quien lo sufre en general no se da cuenta o minimiza los cambios que va experimentando.<\/p>\n<p>El ciclo de charlas virtuales destinada a adultos mayores y familiares que deseen compartir, recibir apoyo, contenci\u00f3n y orientaci\u00f3n. Los profesores de los talleres sienten la necesidad de motivar y ayudar la conexi\u00f3n a sus alumnos.<\/p>\n<p><span style=\"color: #800080;\"><strong>Datos para la conexi\u00f3n v\u00eda Zoom<\/strong><\/span><\/p>\n<p>ID de reuni\u00f3n: 8575084 7249<\/p>\n<p>C\u00f3digo de acceso: 153720<\/p>\n<p><a href=\"https:\/\/us02web.zoom.us\/j\/85750847249?pwd=bGFubExPaVl6RXNrYzNQUEt6VFhvdz09\">https:\/\/us02web.zoom.us\/j\/85750847249?pwd=bGFubExPaVl6RXNrYzNQUEt6VFhvdz09<\/a><\/p>\n<p>&nbsp;<\/p>\n<p><img loading=\"lazy\" decoding=\"async\" class=\"alignnone wp-image-41140 size-large\" src=\"https:\/\/vocesparalelas.com.ar\/sitio\/wp-content\/uploads\/2021\/08\/CHARLA-800x800.jpg\" alt=\"\" width=\"800\" height=\"800\" srcset=\"https:\/\/vocesparalelas.com.ar\/sitio\/wp-content\/uploads\/2021\/08\/CHARLA-800x800.jpg 800w, https:\/\/vocesparalelas.com.ar\/sitio\/wp-content\/uploads\/2021\/08\/CHARLA-300x300.jpg 300w, https:\/\/vocesparalelas.com.ar\/sitio\/wp-content\/uploads\/2021\/08\/CHARLA-150x150.jpg 150w, https:\/\/vocesparalelas.com.ar\/sitio\/wp-content\/uploads\/2021\/08\/CHARLA-768x767.jpg 768w, https:\/\/vocesparalelas.com.ar\/sitio\/wp-content\/uploads\/2021\/08\/CHARLA.jpg 1080w\" sizes=\"auto, (max-width: 800px) 100vw, 800px\" \/><\/p>\n","protected":false},"excerpt":{"rendered":"<p>El Viernes, 27 de Agosto, desde las 15 horas, V\u00eda Zoom, se desarrolla \u201cSe\u00f1ales de alarma \u00bfCu\u00e1ndo pedir ayuda?\u201d a<\/p>\n","protected":false},"author":3,"featured_media":28080,"comment_status":"closed","ping_status":"closed","sticky":false,"template":"","format":"standard","meta":{"_acf_changed":false,"_seopress_robots_primary_cat":"none","_seopress_titles_title":"","_seopress_titles_desc":"","_seopress_robots_index":"","colormag_page_container_layout":"default_layout","colormag_page_sidebar_layout":"default_layout","footnotes":""},"categories":[9],"tags":[],"class_list":["post-41138","post","type-post","status-publish","format-standard","has-post-thumbnail","hentry","category-cursos"],"acf":[],"_links":{"self":[{"href":"https:\/\/vocesparalelas.com.ar\/sitio\/wp-json\/wp\/v2\/posts\/41138","targetHints":{"allow":["GET"]}}],"collection":[{"href":"https:\/\/vocesparalelas.com.ar\/sitio\/wp-json\/wp\/v2\/posts"}],"about":[{"href":"https:\/\/vocesparalelas.com.ar\/sitio\/wp-json\/wp\/v2\/types\/post"}],"author":[{"embeddable":true,"href":"https:\/\/vocesparalelas.com.ar\/sitio\/wp-json\/wp\/v2\/users\/3"}],"replies":[{"embeddable":true,"href":"https:\/\/vocesparalelas.com.ar\/sitio\/wp-json\/wp\/v2\/comments?post=41138"}],"version-history":[{"count":1,"href":"https:\/\/vocesparalelas.com.ar\/sitio\/wp-json\/wp\/v2\/posts\/41138\/revisions"}],"predecessor-version":[{"id":41141,"href":"https:\/\/vocesparalelas.com.ar\/sitio\/wp-json\/wp\/v2\/posts\/41138\/revisions\/41141"}],"wp:featuredmedia":[{"embeddable":true,"href":"https:\/\/vocesparalelas.com.ar\/sitio\/wp-json\/wp\/v2\/media\/28080"}],"wp:attachment":[{"href":"https:\/\/vocesparalelas.com.ar\/sitio\/wp-json\/wp\/v2\/media?parent=41138"}],"wp:term":[{"taxonomy":"category","embeddable":true,"href":"https:\/\/vocesparalelas.com.ar\/sitio\/wp-json\/wp\/v2\/categories?post=41138"},{"taxonomy":"post_tag","embeddable":true,"href":"https:\/\/vocesparalelas.com.ar\/sitio\/wp-json\/wp\/v2\/tags?post=41138"}],"curies":[{"name":"wp","href":"https:\/\/api.w.org\/{rel}","templated":true}]}}