{"id":41126,"date":"2021-08-25T01:30:02","date_gmt":"2021-08-25T04:30:02","guid":{"rendered":"https:\/\/vocesparalelas.com.ar\/sitio\/?p=41126"},"modified":"2021-08-25T01:30:02","modified_gmt":"2021-08-25T04:30:02","slug":"se-entregaron-los-certificados-de-la-diplomatura-en-practicas-culturales-territorio-y-desarrollo-en-san-juan","status":"publish","type":"post","link":"https:\/\/vocesparalelas.com.ar\/sitio\/se-entregaron-los-certificados-de-la-diplomatura-en-practicas-culturales-territorio-y-desarrollo-en-san-juan\/","title":{"rendered":"Se entregaron los Certificados de la Diplomatura en Pr\u00e1cticas Culturales, Territorio y Desarrollo en San Juan"},"content":{"rendered":"<p>En la jornada del Martes, 24 de Agosto, en el auditorio del Museo Franklin Rawson, las autoridades del Ministerio de Turismo y Cultura del Gobierno de San Juan, junto a la Secretar\u00eda de Estado de Ciencia, Tecnolog\u00eda e Innovaci\u00f3n y docente de la Universidad Nacional de San Juan, entregaron las certificaciones de la Diplomatura de Extensi\u00f3n en Pr\u00e1cticas Culturales, Territorio y Desarrollo para la Regi\u00f3n de Cuyo.<\/p>\n<p><img loading=\"lazy\" decoding=\"async\" class=\"alignnone wp-image-41131 size-full\" src=\"https:\/\/vocesparalelas.com.ar\/sitio\/wp-content\/uploads\/2021\/08\/diplo-05.jpg\" alt=\"\" width=\"800\" height=\"533\" srcset=\"https:\/\/vocesparalelas.com.ar\/sitio\/wp-content\/uploads\/2021\/08\/diplo-05.jpg 800w, https:\/\/vocesparalelas.com.ar\/sitio\/wp-content\/uploads\/2021\/08\/diplo-05-300x200.jpg 300w, https:\/\/vocesparalelas.com.ar\/sitio\/wp-content\/uploads\/2021\/08\/diplo-05-768x512.jpg 768w\" sizes=\"auto, (max-width: 800px) 100vw, 800px\" \/><\/p>\n<p>Con un\u00a0r\u00e9cord de inscriptos\u00a0de 1.011 personas de diferentes perfiles de la regi\u00f3n de Cuyo, se seleccionaron m\u00e1s de 100 cursantes que iniciaron el ciclo de capacitaci\u00f3n de forma online a mediados de marzo de este 2021. Cabe destacar, que se trata del\u00a0primer trayecto de formaci\u00f3n para agentes culturales certificado por una universidad en la provincia.<\/p>\n<p>En total son\u00a0130 los egresados\u00a0de esta diplomatura y participaron de la provincia de\u00a0San Juan, San Luis y Mendoza.<\/p>\n<p>Por ello, Voces Paralelas entrevist\u00f3 a la secretaria de Cultura, Virginia Agote dijo \u201cque es clave llevar este tipo de formaci\u00f3n, aquellas herramientas que faltaban tanto ac\u00e1 en Capital como en los departamentos alejados y zona de Cuyo. Felicito a todos los estudiantes por el esfuerzo que, a pesar de las dificultades de la pandemia, hoy podemos hacer entrega de estos diplomas\u201d.<\/p>\n<p><img loading=\"lazy\" decoding=\"async\" class=\"alignnone wp-image-41129 size-full\" src=\"https:\/\/vocesparalelas.com.ar\/sitio\/wp-content\/uploads\/2021\/08\/diplo-03.jpg\" alt=\"\" width=\"800\" height=\"533\" srcset=\"https:\/\/vocesparalelas.com.ar\/sitio\/wp-content\/uploads\/2021\/08\/diplo-03.jpg 800w, https:\/\/vocesparalelas.com.ar\/sitio\/wp-content\/uploads\/2021\/08\/diplo-03-300x200.jpg 300w, https:\/\/vocesparalelas.com.ar\/sitio\/wp-content\/uploads\/2021\/08\/diplo-03-768x512.jpg 768w\" sizes=\"auto, (max-width: 800px) 100vw, 800px\" \/><\/p>\n<p><iframe loading=\"lazy\" title=\"SJ DIPLOMATURA\" width=\"800\" height=\"450\" src=\"https:\/\/www.youtube.com\/embed\/JFdVPwJyTP8?feature=oembed\" frameborder=\"0\" allow=\"accelerometer; autoplay; clipboard-write; encrypted-media; gyroscope; picture-in-picture\" allowfullscreen><\/iframe><\/p>\n<p>Luego, la Directora de Acci\u00f3n Territorial del Ministerio de Turismo y Cultura, Celia Soler manifest\u00f3 lo que signific\u00f3 la Diplomatura de Extensi\u00f3n en Pr\u00e1cticas Culturales, Territorio y Desarrollo para la Regi\u00f3n de Cuyo para las instituciones y para los alumnos participantes.<\/p>\n<p><iframe loading=\"lazy\" title=\"SJ DIPLOMATURA\" width=\"800\" height=\"450\" src=\"https:\/\/www.youtube.com\/embed\/c7nCTwdx3fw?feature=oembed\" frameborder=\"0\" allow=\"accelerometer; autoplay; clipboard-write; encrypted-media; gyroscope; picture-in-picture\" allowfullscreen><\/iframe><\/p>\n<p>&nbsp;<\/p>\n<p>Por su parte, la Subsecretaria de Promoci\u00f3n de la Actividad Cient\u00edfica y Tecnol\u00f3gica de la\u00a0Secretar\u00eda de Estado de Ciencia Tecnolog\u00eda e Innovaci\u00f3n,\u00a0Marita Benavente\u00a0se\u00f1al\u00f3 que \u201chay que asumir el desaf\u00edo de que las propuestas culturales, los espacios de difusi\u00f3n de la cultura tambi\u00e9n incorporen las nuevas tecnolog\u00edas, no como un envase r\u00edgido, sino como la posibilidad de que m\u00e1s gente pueda acceder a los bienes culturales, esto es justicia social tambi\u00e9n\u201d.<\/p>\n<p>Posteriormente, el Decano de la Facultad de Ciencias Sociales, Dr. Marcelo Lucero quien remarc\u00f3 que \u00abcreemos en este tipo de modelo de extensi\u00f3n, la UNSJ no debe cerrarse solo en el aula y hemos reivindicado siempre los modelos de cultura popular\u201d.<\/p>\n<p><iframe loading=\"lazy\" title=\"SJ DIPLOMATURA\" width=\"800\" height=\"450\" src=\"https:\/\/www.youtube.com\/embed\/CzPrPnWsDIU?feature=oembed\" frameborder=\"0\" allow=\"accelerometer; autoplay; clipboard-write; encrypted-media; gyroscope; picture-in-picture\" allowfullscreen><\/iframe><\/p>\n<p>Finalmente, la Vicerrectora de la UNSJ, Dr. Anal\u00eda Ponce destac\u00f3 que \u00abel rol de la Universidad Nacional de San Juan es brindar servicios de extensi\u00f3n\u00bb.<\/p>\n<p><iframe loading=\"lazy\" title=\"SJ DIPLOMATURA\" width=\"800\" height=\"450\" src=\"https:\/\/www.youtube.com\/embed\/7bo_6jiL00Y?feature=oembed\" frameborder=\"0\" allow=\"accelerometer; autoplay; clipboard-write; encrypted-media; gyroscope; picture-in-picture\" allowfullscreen><\/iframe><\/p>\n<p>&nbsp;<\/p>\n<p>Tambi\u00e9n estuvo presente v\u00eda Zoom<strong>\u00a0<\/strong>el secretario de Gesti\u00f3n Cultural del Ministerio de Cultura de la Naci\u00f3n, Maxi Uceda.\u00a0El funcionario destac\u00f3 la amplitud de riqueza de esta diplomatura para trabajar en una cultura de derechos, generando fortalecimientos y mayor visibilidad de la diversidad cultural en los territorios.<\/p>\n<p><strong><span style=\"color: #339966;\">Sobre la diplomatura<\/span><\/strong><\/p>\n<p>La Diplomatura en Pr\u00e1cticas Culturales, Territorio y Desarrollo estuvo gestionada por el Ministerio de Turismo y Cultura, financiada por la Secretar\u00eda de Estado de Ciencia, Tecnolog\u00eda e Innovaci\u00f3n del Gobierno de San Juan, implementada y certificada a trav\u00e9s de la Facultad de Ciencias Sociales, Universidad Nacional de San Juan, y orientada y apoyada por la Direcci\u00f3n Nacional de Formaci\u00f3n, Secretar\u00eda de Gesti\u00f3n Cultural, Ministerio de Cultura de la Naci\u00f3n.<\/p>\n<p>La convocatoria estuvo destinada a postulantes y proyectos residentes en Cuyo que formen parte de grupos art\u00edsticos, organizaciones sociales o tengan una clara orientaci\u00f3n social, colectiva y comunitaria.<\/p>\n<p>El cursado const\u00f3 de cuatro m\u00f3dulos virtuales: \u201cProcesos culturales contempor\u00e1neos\u201d, \u201cCulturas y territorio\u201d, \u201cCultura comunitaria y desarrollo\u201d y \u201cMetodolog\u00edas para la gesti\u00f3n cultural\u201d.<\/p>\n<p><img loading=\"lazy\" decoding=\"async\" class=\"alignnone wp-image-41132 size-full\" src=\"https:\/\/vocesparalelas.com.ar\/sitio\/wp-content\/uploads\/2021\/08\/dipo-02.jpg\" alt=\"\" width=\"800\" height=\"533\" srcset=\"https:\/\/vocesparalelas.com.ar\/sitio\/wp-content\/uploads\/2021\/08\/dipo-02.jpg 800w, https:\/\/vocesparalelas.com.ar\/sitio\/wp-content\/uploads\/2021\/08\/dipo-02-300x200.jpg 300w, https:\/\/vocesparalelas.com.ar\/sitio\/wp-content\/uploads\/2021\/08\/dipo-02-768x512.jpg 768w\" sizes=\"auto, (max-width: 800px) 100vw, 800px\" \/><\/p>\n<p><img loading=\"lazy\" decoding=\"async\" class=\"alignnone wp-image-41128 size-full\" src=\"https:\/\/vocesparalelas.com.ar\/sitio\/wp-content\/uploads\/2021\/08\/diplo-01.jpg\" alt=\"\" width=\"800\" height=\"533\" srcset=\"https:\/\/vocesparalelas.com.ar\/sitio\/wp-content\/uploads\/2021\/08\/diplo-01.jpg 800w, https:\/\/vocesparalelas.com.ar\/sitio\/wp-content\/uploads\/2021\/08\/diplo-01-300x200.jpg 300w, https:\/\/vocesparalelas.com.ar\/sitio\/wp-content\/uploads\/2021\/08\/diplo-01-768x512.jpg 768w\" sizes=\"auto, (max-width: 800px) 100vw, 800px\" \/><\/p>\n<p>&nbsp;<\/p>\n<p>&nbsp;<\/p>\n<p>&nbsp;<\/p>\n","protected":false},"excerpt":{"rendered":"<p>En la jornada del Martes, 24 de Agosto, en el auditorio del Museo Franklin Rawson, las autoridades del Ministerio de<\/p>\n","protected":false},"author":3,"featured_media":41130,"comment_status":"closed","ping_status":"closed","sticky":false,"template":"","format":"video","meta":{"_acf_changed":false,"_seopress_robots_primary_cat":"none","_seopress_titles_title":"","_seopress_titles_desc":"","_seopress_robots_index":"","colormag_page_container_layout":"default_layout","colormag_page_sidebar_layout":"default_layout","footnotes":""},"categories":[1,7],"tags":[],"class_list":["post-41126","post","type-post","status-publish","format-video","has-post-thumbnail","hentry","category-destacadas","category-videos","post_format-post-format-video"],"acf":[],"_links":{"self":[{"href":"https:\/\/vocesparalelas.com.ar\/sitio\/wp-json\/wp\/v2\/posts\/41126","targetHints":{"allow":["GET"]}}],"collection":[{"href":"https:\/\/vocesparalelas.com.ar\/sitio\/wp-json\/wp\/v2\/posts"}],"about":[{"href":"https:\/\/vocesparalelas.com.ar\/sitio\/wp-json\/wp\/v2\/types\/post"}],"author":[{"embeddable":true,"href":"https:\/\/vocesparalelas.com.ar\/sitio\/wp-json\/wp\/v2\/users\/3"}],"replies":[{"embeddable":true,"href":"https:\/\/vocesparalelas.com.ar\/sitio\/wp-json\/wp\/v2\/comments?post=41126"}],"version-history":[{"count":1,"href":"https:\/\/vocesparalelas.com.ar\/sitio\/wp-json\/wp\/v2\/posts\/41126\/revisions"}],"predecessor-version":[{"id":41133,"href":"https:\/\/vocesparalelas.com.ar\/sitio\/wp-json\/wp\/v2\/posts\/41126\/revisions\/41133"}],"wp:featuredmedia":[{"embeddable":true,"href":"https:\/\/vocesparalelas.com.ar\/sitio\/wp-json\/wp\/v2\/media\/41130"}],"wp:attachment":[{"href":"https:\/\/vocesparalelas.com.ar\/sitio\/wp-json\/wp\/v2\/media?parent=41126"}],"wp:term":[{"taxonomy":"category","embeddable":true,"href":"https:\/\/vocesparalelas.com.ar\/sitio\/wp-json\/wp\/v2\/categories?post=41126"},{"taxonomy":"post_tag","embeddable":true,"href":"https:\/\/vocesparalelas.com.ar\/sitio\/wp-json\/wp\/v2\/tags?post=41126"}],"curies":[{"name":"wp","href":"https:\/\/api.w.org\/{rel}","templated":true}]}}