{"id":41073,"date":"2021-08-24T00:53:52","date_gmt":"2021-08-24T03:53:52","guid":{"rendered":"https:\/\/vocesparalelas.com.ar\/sitio\/?p=41073"},"modified":"2021-08-25T01:31:04","modified_gmt":"2021-08-25T04:31:04","slug":"taller-sobre-perspectiva-de-genero","status":"publish","type":"post","link":"https:\/\/vocesparalelas.com.ar\/sitio\/taller-sobre-perspectiva-de-genero\/","title":{"rendered":"Taller sobre perspectiva de G\u00e9nero"},"content":{"rendered":"<p>En el Sal\u00f3n Cultural de UPCN Seccional San Juan comenz\u00f3 el Taller sobre perspectiva de G\u00e9nero en el marco de la Ley Micaela 27499.<\/p>\n<p>Es importante destacar que se cont\u00f3 con la presencia de autoridades de la Corte de Justicia de San Juan y de UPCN, quienes dieron inicio al taller que se desarrolla durante dos d\u00edas desde las 8 hs.<\/p>\n<p><img loading=\"lazy\" decoding=\"async\" class=\"alignnone wp-image-41075 size-large\" src=\"https:\/\/vocesparalelas.com.ar\/sitio\/wp-content\/uploads\/2021\/08\/UPCN-VIOLENCIA-2-1-800x533.jpg\" alt=\"\" width=\"800\" height=\"533\" srcset=\"https:\/\/vocesparalelas.com.ar\/sitio\/wp-content\/uploads\/2021\/08\/UPCN-VIOLENCIA-2-1-800x533.jpg 800w, https:\/\/vocesparalelas.com.ar\/sitio\/wp-content\/uploads\/2021\/08\/UPCN-VIOLENCIA-2-1-300x200.jpg 300w, https:\/\/vocesparalelas.com.ar\/sitio\/wp-content\/uploads\/2021\/08\/UPCN-VIOLENCIA-2-1-768x512.jpg 768w, https:\/\/vocesparalelas.com.ar\/sitio\/wp-content\/uploads\/2021\/08\/UPCN-VIOLENCIA-2-1.jpg 1024w\" sizes=\"auto, (max-width: 800px) 100vw, 800px\" \/><\/p>\n<p>Voces Paralelas entrevist\u00f3 a la Dra. Carolina Vallejos, quien explic\u00f3 la gran preocupaci\u00f3n de explicar a las mujeres sobre lo que significa la violencia de g\u00e9nero y los tipos que existen y que existe una protecci\u00f3n del estado.<\/p>\n<p>&nbsp;<\/p>\n<figure id=\"attachment_41076\" aria-describedby=\"caption-attachment-41076\" style=\"width: 800px\" class=\"wp-caption alignnone\"><img loading=\"lazy\" decoding=\"async\" class=\"wp-image-41076 size-full\" src=\"https:\/\/vocesparalelas.com.ar\/sitio\/wp-content\/uploads\/2021\/08\/UPCN-VIOLENCIA-06.jpg\" alt=\"\" width=\"800\" height=\"533\" srcset=\"https:\/\/vocesparalelas.com.ar\/sitio\/wp-content\/uploads\/2021\/08\/UPCN-VIOLENCIA-06.jpg 800w, https:\/\/vocesparalelas.com.ar\/sitio\/wp-content\/uploads\/2021\/08\/UPCN-VIOLENCIA-06-300x200.jpg 300w, https:\/\/vocesparalelas.com.ar\/sitio\/wp-content\/uploads\/2021\/08\/UPCN-VIOLENCIA-06-768x512.jpg 768w\" sizes=\"auto, (max-width: 800px) 100vw, 800px\" \/><figcaption id=\"caption-attachment-41076\" class=\"wp-caption-text\">Dra. Carolina Vallejos<\/figcaption><\/figure>\n<p><iframe loading=\"lazy\" title=\"UPCN\" width=\"800\" height=\"450\" src=\"https:\/\/www.youtube.com\/embed\/gzrmAf8zfkc?feature=oembed\" frameborder=\"0\" allow=\"accelerometer; autoplay; clipboard-write; encrypted-media; gyroscope; picture-in-picture\" allowfullscreen><\/iframe><\/p>\n<p>&nbsp;<\/p>\n<p><img loading=\"lazy\" decoding=\"async\" class=\"alignnone wp-image-41077 size-full\" src=\"https:\/\/vocesparalelas.com.ar\/sitio\/wp-content\/uploads\/2021\/08\/UPCN-VIOLENCIA-07.jpg\" alt=\"\" width=\"800\" height=\"533\" srcset=\"https:\/\/vocesparalelas.com.ar\/sitio\/wp-content\/uploads\/2021\/08\/UPCN-VIOLENCIA-07.jpg 800w, https:\/\/vocesparalelas.com.ar\/sitio\/wp-content\/uploads\/2021\/08\/UPCN-VIOLENCIA-07-300x200.jpg 300w, https:\/\/vocesparalelas.com.ar\/sitio\/wp-content\/uploads\/2021\/08\/UPCN-VIOLENCIA-07-768x512.jpg 768w\" sizes=\"auto, (max-width: 800px) 100vw, 800px\" \/><\/p>\n<p><img loading=\"lazy\" decoding=\"async\" class=\"alignnone wp-image-41079 size-full\" src=\"https:\/\/vocesparalelas.com.ar\/sitio\/wp-content\/uploads\/2021\/08\/UPCN-VIOLENCIA-09.jpg\" alt=\"\" width=\"800\" height=\"533\" srcset=\"https:\/\/vocesparalelas.com.ar\/sitio\/wp-content\/uploads\/2021\/08\/UPCN-VIOLENCIA-09.jpg 800w, https:\/\/vocesparalelas.com.ar\/sitio\/wp-content\/uploads\/2021\/08\/UPCN-VIOLENCIA-09-300x200.jpg 300w, https:\/\/vocesparalelas.com.ar\/sitio\/wp-content\/uploads\/2021\/08\/UPCN-VIOLENCIA-09-768x512.jpg 768w\" sizes=\"auto, (max-width: 800px) 100vw, 800px\" \/><\/p>\n<p><img loading=\"lazy\" decoding=\"async\" class=\"alignnone wp-image-41078 size-full\" src=\"https:\/\/vocesparalelas.com.ar\/sitio\/wp-content\/uploads\/2021\/08\/UPCN-VIOLENCIA-08.jpg\" alt=\"\" width=\"800\" height=\"533\" srcset=\"https:\/\/vocesparalelas.com.ar\/sitio\/wp-content\/uploads\/2021\/08\/UPCN-VIOLENCIA-08.jpg 800w, https:\/\/vocesparalelas.com.ar\/sitio\/wp-content\/uploads\/2021\/08\/UPCN-VIOLENCIA-08-300x200.jpg 300w, https:\/\/vocesparalelas.com.ar\/sitio\/wp-content\/uploads\/2021\/08\/UPCN-VIOLENCIA-08-768x512.jpg 768w\" sizes=\"auto, (max-width: 800px) 100vw, 800px\" \/><\/p>\n<p>&nbsp;<\/p>\n","protected":false},"excerpt":{"rendered":"<p>En el Sal\u00f3n Cultural de UPCN Seccional San Juan comenz\u00f3 el Taller sobre perspectiva de G\u00e9nero en el marco de<\/p>\n","protected":false},"author":3,"featured_media":41080,"comment_status":"closed","ping_status":"closed","sticky":false,"template":"","format":"video","meta":{"_acf_changed":false,"_seopress_robots_primary_cat":"none","_seopress_titles_title":"","_seopress_titles_desc":"","_seopress_robots_index":"","colormag_page_container_layout":"default_layout","colormag_page_sidebar_layout":"default_layout","footnotes":""},"categories":[9,7],"tags":[],"class_list":["post-41073","post","type-post","status-publish","format-video","has-post-thumbnail","hentry","category-cursos","category-videos","post_format-post-format-video"],"acf":[],"_links":{"self":[{"href":"https:\/\/vocesparalelas.com.ar\/sitio\/wp-json\/wp\/v2\/posts\/41073","targetHints":{"allow":["GET"]}}],"collection":[{"href":"https:\/\/vocesparalelas.com.ar\/sitio\/wp-json\/wp\/v2\/posts"}],"about":[{"href":"https:\/\/vocesparalelas.com.ar\/sitio\/wp-json\/wp\/v2\/types\/post"}],"author":[{"embeddable":true,"href":"https:\/\/vocesparalelas.com.ar\/sitio\/wp-json\/wp\/v2\/users\/3"}],"replies":[{"embeddable":true,"href":"https:\/\/vocesparalelas.com.ar\/sitio\/wp-json\/wp\/v2\/comments?post=41073"}],"version-history":[{"count":1,"href":"https:\/\/vocesparalelas.com.ar\/sitio\/wp-json\/wp\/v2\/posts\/41073\/revisions"}],"predecessor-version":[{"id":41081,"href":"https:\/\/vocesparalelas.com.ar\/sitio\/wp-json\/wp\/v2\/posts\/41073\/revisions\/41081"}],"wp:featuredmedia":[{"embeddable":true,"href":"https:\/\/vocesparalelas.com.ar\/sitio\/wp-json\/wp\/v2\/media\/41080"}],"wp:attachment":[{"href":"https:\/\/vocesparalelas.com.ar\/sitio\/wp-json\/wp\/v2\/media?parent=41073"}],"wp:term":[{"taxonomy":"category","embeddable":true,"href":"https:\/\/vocesparalelas.com.ar\/sitio\/wp-json\/wp\/v2\/categories?post=41073"},{"taxonomy":"post_tag","embeddable":true,"href":"https:\/\/vocesparalelas.com.ar\/sitio\/wp-json\/wp\/v2\/tags?post=41073"}],"curies":[{"name":"wp","href":"https:\/\/api.w.org\/{rel}","templated":true}]}}