{"id":41068,"date":"2021-08-23T23:41:07","date_gmt":"2021-08-24T02:41:07","guid":{"rendered":"https:\/\/vocesparalelas.com.ar\/sitio\/?p=41068"},"modified":"2021-08-23T23:41:07","modified_gmt":"2021-08-24T02:41:07","slug":"25-computadoras-para-los-alumnos-de-la-escuela-experimental-nivel-medio-divisadero","status":"publish","type":"post","link":"https:\/\/vocesparalelas.com.ar\/sitio\/25-computadoras-para-los-alumnos-de-la-escuela-experimental-nivel-medio-divisadero\/","title":{"rendered":"25 computadoras para los alumnos de la Escuela Experimental Nivel Medio Divisadero"},"content":{"rendered":"<p>Los alumnos de la Escuela Experimental Nivel Medio Divisadero recibieron 25 computadoras donadas por Caleras San Juan, entregadas por el socio gerente de la empresa.<\/p>\n<p>Desde 2019 la escuela secundaria, con apoyo del Ministerio de Educaci\u00f3n, implement\u00f3 el proyecto para el desarrollo de conocimientos tecnol\u00f3gicos en los alumnos del \u00faltimo a\u00f1o, para fortalecer aprendizajes contables de los futuros egresados.<\/p>\n<p>Los equipos de \u00faltima generaci\u00f3n permitir\u00e1n que los estudiantes puedan acceder a la formaci\u00f3n y actualizaci\u00f3n de conocimientos tecnol\u00f3gicos para la continuidad de estudios superiores o insertarse laboralmente con una formaci\u00f3n adecuada a la demanda del mercado.<\/p>\n<p>Cabe destacar que la empresa calera, con m\u00e1s de 60 a\u00f1os de producci\u00f3n en el departamento, colabora con docentes del Plan Fines 1 y 2, posibilitando la terminalidad secundaria.<\/p>\n<p>La Escuela Experimental Nivel Medio Divisadero tuvo un importante crecimiento en su matr\u00edcula. Actualmente recibe alumnos de Divisadero, Los Berros, Pedernal y Cieneguita. En el marco de la acci\u00f3n pedag\u00f3gica, el prop\u00f3sito es potenciar el desarrollo de las capacidades y habilidades concretando proyectos de vida y laborales.<\/p>\n<p><img loading=\"lazy\" decoding=\"async\" class=\"alignnone wp-image-41071 size-large\" src=\"https:\/\/vocesparalelas.com.ar\/sitio\/wp-content\/uploads\/2021\/08\/COMPU-02-800x303.jpg\" alt=\"\" width=\"800\" height=\"303\" srcset=\"https:\/\/vocesparalelas.com.ar\/sitio\/wp-content\/uploads\/2021\/08\/COMPU-02-800x303.jpg 800w, https:\/\/vocesparalelas.com.ar\/sitio\/wp-content\/uploads\/2021\/08\/COMPU-02-300x113.jpg 300w, https:\/\/vocesparalelas.com.ar\/sitio\/wp-content\/uploads\/2021\/08\/COMPU-02-768x291.jpg 768w, https:\/\/vocesparalelas.com.ar\/sitio\/wp-content\/uploads\/2021\/08\/COMPU-02.jpg 1023w\" sizes=\"auto, (max-width: 800px) 100vw, 800px\" \/><\/p>\n<p>&nbsp;<\/p>\n","protected":false},"excerpt":{"rendered":"<p>Los alumnos de la Escuela Experimental Nivel Medio Divisadero recibieron 25 computadoras donadas por Caleras San Juan, entregadas por el<\/p>\n","protected":false},"author":3,"featured_media":41070,"comment_status":"closed","ping_status":"closed","sticky":false,"template":"","format":"standard","meta":{"_acf_changed":false,"_seopress_robots_primary_cat":"none","_seopress_titles_title":"","_seopress_titles_desc":"","_seopress_robots_index":"","colormag_page_container_layout":"default_layout","colormag_page_sidebar_layout":"default_layout","footnotes":""},"categories":[1],"tags":[],"class_list":["post-41068","post","type-post","status-publish","format-standard","has-post-thumbnail","hentry","category-destacadas"],"acf":[],"_links":{"self":[{"href":"https:\/\/vocesparalelas.com.ar\/sitio\/wp-json\/wp\/v2\/posts\/41068","targetHints":{"allow":["GET"]}}],"collection":[{"href":"https:\/\/vocesparalelas.com.ar\/sitio\/wp-json\/wp\/v2\/posts"}],"about":[{"href":"https:\/\/vocesparalelas.com.ar\/sitio\/wp-json\/wp\/v2\/types\/post"}],"author":[{"embeddable":true,"href":"https:\/\/vocesparalelas.com.ar\/sitio\/wp-json\/wp\/v2\/users\/3"}],"replies":[{"embeddable":true,"href":"https:\/\/vocesparalelas.com.ar\/sitio\/wp-json\/wp\/v2\/comments?post=41068"}],"version-history":[{"count":1,"href":"https:\/\/vocesparalelas.com.ar\/sitio\/wp-json\/wp\/v2\/posts\/41068\/revisions"}],"predecessor-version":[{"id":41072,"href":"https:\/\/vocesparalelas.com.ar\/sitio\/wp-json\/wp\/v2\/posts\/41068\/revisions\/41072"}],"wp:featuredmedia":[{"embeddable":true,"href":"https:\/\/vocesparalelas.com.ar\/sitio\/wp-json\/wp\/v2\/media\/41070"}],"wp:attachment":[{"href":"https:\/\/vocesparalelas.com.ar\/sitio\/wp-json\/wp\/v2\/media?parent=41068"}],"wp:term":[{"taxonomy":"category","embeddable":true,"href":"https:\/\/vocesparalelas.com.ar\/sitio\/wp-json\/wp\/v2\/categories?post=41068"},{"taxonomy":"post_tag","embeddable":true,"href":"https:\/\/vocesparalelas.com.ar\/sitio\/wp-json\/wp\/v2\/tags?post=41068"}],"curies":[{"name":"wp","href":"https:\/\/api.w.org\/{rel}","templated":true}]}}