{"id":41064,"date":"2021-08-23T23:19:09","date_gmt":"2021-08-24T02:19:09","guid":{"rendered":"https:\/\/vocesparalelas.com.ar\/sitio\/?p=41064"},"modified":"2021-08-25T01:31:26","modified_gmt":"2021-08-25T04:31:26","slug":"visita-la-rueda-de-capitalizacion","status":"publish","type":"post","link":"https:\/\/vocesparalelas.com.ar\/sitio\/visita-la-rueda-de-capitalizacion\/","title":{"rendered":"Visita la \u201cRueda de Capitalizaci\u00f3n\u201d"},"content":{"rendered":"<p>El Ministerio de Educaci\u00f3n del Gobierno de San Juan informa que a partir del Lunes, 23 de Agosto, en diferentes departamentos se desarrolla la presentaci\u00f3n de proyectos del programa \u201cRueda de Capitalizaci\u00f3n\u201d, en el marco del Programa Aprender a Emprender de acuerdo al siguiente cronograma:<\/p>\n<p><span style=\"color: #008000;\"><strong>Lunes, 23 de Agosto, Departamento Valle F\u00e9rtil<\/strong><\/span><\/p>\n<ul>\n<li>Plaza San Agust\u00edn de 10 a 12 horas.<\/li>\n<\/ul>\n<p><span style=\"color: #008000;\"><strong>Martes, 24 y Mi\u00e9rcoles 25 de Agosto, Gran San Juan<\/strong><\/span><\/p>\n<ul>\n<li>Centro Cultural Municipal Estaci\u00f3n San Mart\u00edn de 10 a 12 horas.<\/li>\n<\/ul>\n<p><span style=\"color: #008000;\"><strong>Jueves, 26 de Agosto, Departamento Calingasta<\/strong><\/span><\/p>\n<ul>\n<li>Plaza San Mart\u00edn Los Berros de 10.30 a 12.30 horas.<\/li>\n<\/ul>\n<p><span style=\"color: #008000;\"><strong>Viernes, 27 de Agosto, Departamento Sarmiento<\/strong><\/span><\/p>\n<ul>\n<li>Escuela de Nivel Secundario Los Berros de 10 a 12 horas.<\/li>\n<\/ul>\n<p>El programa \u201cRueda de Capitalizaci\u00f3n\u201d integra el Plan Provincial de Actualizaci\u00f3n y Capacitaci\u00f3n Docente 2016-2023, a trav\u00e9s del m\u00f3dulo de emprendedurismo.<\/p>\n<p>A trav\u00e9s de este programa los estudiantes en el transcurso del a\u00f1o, planifican y crean una compa\u00f1\u00eda, establecen un producto o servicio, un plan de negocio, el proceso de elaboraci\u00f3n, estudio de mercado, comercializaci\u00f3n y distribuci\u00f3n. Realizan todo el proceso que en el mercado real deben cumplir los empresarios, analizando fortalezas y corrigiendo errores. Finaliza con la exposici\u00f3n de los prototipos a desarrollar y productos creados.<\/p>\n<p>La muestra es abierta a la comunidad adem\u00e1s se invit\u00f3 a empresarios, emprendedores, instituciones vinculadas al \u00e1mbito de los negocios de San Juan para que conozcan los proyectos y quien lo desee puede participar en la inversi\u00f3n de acciones que cada compa\u00f1\u00eda ofertar\u00e1 para lograr su capitalizaci\u00f3n y as\u00ed comenzar con la etapa vinculada a la producci\u00f3n.<\/p>\n","protected":false},"excerpt":{"rendered":"<p>El Ministerio de Educaci\u00f3n del Gobierno de San Juan informa que a partir del Lunes, 23 de Agosto, en diferentes<\/p>\n","protected":false},"author":3,"featured_media":41066,"comment_status":"closed","ping_status":"closed","sticky":false,"template":"","format":"standard","meta":{"_acf_changed":false,"_seopress_robots_primary_cat":"none","_seopress_titles_title":"","_seopress_titles_desc":"","_seopress_robots_index":"","colormag_page_container_layout":"default_layout","colormag_page_sidebar_layout":"default_layout","footnotes":""},"categories":[2],"tags":[],"class_list":["post-41064","post","type-post","status-publish","format-standard","has-post-thumbnail","hentry","category-convocatorias"],"acf":[],"_links":{"self":[{"href":"https:\/\/vocesparalelas.com.ar\/sitio\/wp-json\/wp\/v2\/posts\/41064","targetHints":{"allow":["GET"]}}],"collection":[{"href":"https:\/\/vocesparalelas.com.ar\/sitio\/wp-json\/wp\/v2\/posts"}],"about":[{"href":"https:\/\/vocesparalelas.com.ar\/sitio\/wp-json\/wp\/v2\/types\/post"}],"author":[{"embeddable":true,"href":"https:\/\/vocesparalelas.com.ar\/sitio\/wp-json\/wp\/v2\/users\/3"}],"replies":[{"embeddable":true,"href":"https:\/\/vocesparalelas.com.ar\/sitio\/wp-json\/wp\/v2\/comments?post=41064"}],"version-history":[{"count":1,"href":"https:\/\/vocesparalelas.com.ar\/sitio\/wp-json\/wp\/v2\/posts\/41064\/revisions"}],"predecessor-version":[{"id":41067,"href":"https:\/\/vocesparalelas.com.ar\/sitio\/wp-json\/wp\/v2\/posts\/41064\/revisions\/41067"}],"wp:featuredmedia":[{"embeddable":true,"href":"https:\/\/vocesparalelas.com.ar\/sitio\/wp-json\/wp\/v2\/media\/41066"}],"wp:attachment":[{"href":"https:\/\/vocesparalelas.com.ar\/sitio\/wp-json\/wp\/v2\/media?parent=41064"}],"wp:term":[{"taxonomy":"category","embeddable":true,"href":"https:\/\/vocesparalelas.com.ar\/sitio\/wp-json\/wp\/v2\/categories?post=41064"},{"taxonomy":"post_tag","embeddable":true,"href":"https:\/\/vocesparalelas.com.ar\/sitio\/wp-json\/wp\/v2\/tags?post=41064"}],"curies":[{"name":"wp","href":"https:\/\/api.w.org\/{rel}","templated":true}]}}