{"id":41060,"date":"2021-08-23T23:11:40","date_gmt":"2021-08-24T02:11:40","guid":{"rendered":"https:\/\/vocesparalelas.com.ar\/sitio\/?p=41060"},"modified":"2021-08-25T01:31:47","modified_gmt":"2021-08-25T04:31:47","slug":"27-200-vacunas-de-sinopharm-llegaron-a-san-juan","status":"publish","type":"post","link":"https:\/\/vocesparalelas.com.ar\/sitio\/27-200-vacunas-de-sinopharm-llegaron-a-san-juan\/","title":{"rendered":"27.200 vacunas de Sinopharm llegaron a San Juan"},"content":{"rendered":"<p>El Ministerio de Salud P\u00fablica, a trav\u00e9s del Programa Provincial de Inmunizaciones, recibi\u00f3 nuevas dosis para completar el esquema de vacunaci\u00f3n.<\/p>\n<p>La Provincia de San Juan recibi\u00f3 27.200 vacunas Sinopharm, en su segunda dosis, contra el COVID-19.<\/p>\n<p>La llegada de estas nuevas dosis permitir\u00e1 seguir avanzando en el Plan Provincial de Vacunaci\u00f3n y continuar completando el esquema de vacunaci\u00f3n con los grupos que ya se han colocado primeras dosis.<\/p>\n<p>&nbsp;<\/p>\n<p>&nbsp;<\/p>\n","protected":false},"excerpt":{"rendered":"<p>El Ministerio de Salud P\u00fablica, a trav\u00e9s del Programa Provincial de Inmunizaciones, recibi\u00f3 nuevas dosis para completar el esquema de<\/p>\n","protected":false},"author":3,"featured_media":41062,"comment_status":"closed","ping_status":"closed","sticky":false,"template":"","format":"standard","meta":{"_acf_changed":false,"_seopress_robots_primary_cat":"none","_seopress_titles_title":"","_seopress_titles_desc":"","_seopress_robots_index":"","colormag_page_container_layout":"default_layout","colormag_page_sidebar_layout":"default_layout","footnotes":""},"categories":[6],"tags":[],"class_list":["post-41060","post","type-post","status-publish","format-standard","has-post-thumbnail","hentry","category-eventos"],"acf":[],"_links":{"self":[{"href":"https:\/\/vocesparalelas.com.ar\/sitio\/wp-json\/wp\/v2\/posts\/41060","targetHints":{"allow":["GET"]}}],"collection":[{"href":"https:\/\/vocesparalelas.com.ar\/sitio\/wp-json\/wp\/v2\/posts"}],"about":[{"href":"https:\/\/vocesparalelas.com.ar\/sitio\/wp-json\/wp\/v2\/types\/post"}],"author":[{"embeddable":true,"href":"https:\/\/vocesparalelas.com.ar\/sitio\/wp-json\/wp\/v2\/users\/3"}],"replies":[{"embeddable":true,"href":"https:\/\/vocesparalelas.com.ar\/sitio\/wp-json\/wp\/v2\/comments?post=41060"}],"version-history":[{"count":1,"href":"https:\/\/vocesparalelas.com.ar\/sitio\/wp-json\/wp\/v2\/posts\/41060\/revisions"}],"predecessor-version":[{"id":41063,"href":"https:\/\/vocesparalelas.com.ar\/sitio\/wp-json\/wp\/v2\/posts\/41060\/revisions\/41063"}],"wp:featuredmedia":[{"embeddable":true,"href":"https:\/\/vocesparalelas.com.ar\/sitio\/wp-json\/wp\/v2\/media\/41062"}],"wp:attachment":[{"href":"https:\/\/vocesparalelas.com.ar\/sitio\/wp-json\/wp\/v2\/media?parent=41060"}],"wp:term":[{"taxonomy":"category","embeddable":true,"href":"https:\/\/vocesparalelas.com.ar\/sitio\/wp-json\/wp\/v2\/categories?post=41060"},{"taxonomy":"post_tag","embeddable":true,"href":"https:\/\/vocesparalelas.com.ar\/sitio\/wp-json\/wp\/v2\/tags?post=41060"}],"curies":[{"name":"wp","href":"https:\/\/api.w.org\/{rel}","templated":true}]}}