{"id":41054,"date":"2021-08-23T22:49:56","date_gmt":"2021-08-24T01:49:56","guid":{"rendered":"https:\/\/vocesparalelas.com.ar\/sitio\/?p=41054"},"modified":"2021-08-23T22:49:56","modified_gmt":"2021-08-24T01:49:56","slug":"visitaron-una-empresa-textil-y-recorrieron-obras-de-viviendas","status":"publish","type":"post","link":"https:\/\/vocesparalelas.com.ar\/sitio\/visitaron-una-empresa-textil-y-recorrieron-obras-de-viviendas\/","title":{"rendered":"Visitaron una empresa t\u00e9xtil y recorrieron obras de viviendas"},"content":{"rendered":"<p>Durante la jornada del Lunes, 23 de Agosto, el presidente de la Naci\u00f3n, Dr. Alberto Fern\u00e1ndez arrib\u00f3 a San Juan por segunda vez en lo que va del 2021. Tras ser recibido por el gobernador Dr. Sergio U\u00f1ac, ambos presidieron una comitiva que desarroll\u00f3 con una cargada agenda de actividades en suelo provincial.<\/p>\n<p>Junto al presidente llegaron a San Juan los ministros de Desarrollo Territorial y H\u00e1bitat, Ing. Jorge Ferraresi y de Desarrollo Productivo, Lic. Matias Kulfas, y el secretario general de la Presidencia, Julio Vitobello.<\/p>\n<p>Tras visitar en primer t\u00e9rmino la industria textil Vesuvio Sacifel-Empresa Lacoste, que se encuentra en el Departamento Pocito, la delegaci\u00f3n se traslad\u00f3 a los terrenos de los barrios Sierras de Marquesado e Ingeniero C\u00e9spedes, en el Departamento Rivadavia, donde se construyen viviendas que fueron anunciadas por el Gobierno Nacional tras el terremoto sufrido por la provincia, el 18 de enero.<\/p>\n<p>El primer mandatario nacional asegur\u00f3 estar muy feliz de estar en San Juan, disfrutando de la tierra y de su gente y consider\u00f3 que la construcci\u00f3n de viviendas \u00abes un derecho de los que viven ac\u00e1, el derecho de tener una casa digna\u00bb.<\/p>\n<p>En ese sentido, record\u00f3 el evento s\u00edsmico que sufri\u00f3 la provincia el pasado 18 de enero y que provoc\u00f3 numerosos da\u00f1os edilicios, destacando que \u00abnos pusimos manos a la obra y veo con mucha alegr\u00eda c\u00f3mo crecen las paredes y avanzan estos barrios de 837 casas, que es lo que m\u00e1s me reconforta\u00bb.<\/p>\n<p>Seguidamente, Fern\u00e1ndez hizo un recorrido por la gesti\u00f3n de la pandemia y la asistencia econ\u00f3mica que el Gobierno puso a disposici\u00f3n de los sectores m\u00e1s afectados, valorando que a trav\u00e9s de los ATP se \u201clogr\u00f3 preservar el futuro de muchas empresas\u201d.<\/p>\n<p>\u201cNos preocupamos mucho por los que menos ten\u00edan y las madres con hijos de menores de 14 a\u00f1os: y ah\u00ed fuimos con la tarjeta AlimentAR, que se sumaba a la AUH\u201d.<\/p>\n<p>Tambi\u00e9n el mandatario nacional hizo menci\u00f3n del proyecto minero Josemar\u00eda y del ejemplar desarrollo de la actividad que lleva adelante la provincia: \u00abA la miner\u00eda debemos hacerla con la responsabilidad pol\u00edtica y social como se hace en San Juan. Por eso tenemos un secretario de Miner\u00eda sanjuanino, porque sabe mucho de eso\u201d.<\/p>\n<p>Para cerrar el presidente asever\u00f3 que los argentinos deben concentrar sus esfuerzos en poner definitivamente a la Argentina de pie y que \u201cempiece a caminar en un marco de mayor igualdad, que recuperemos la solidaridad que en otros tiempos no existi\u00f3. Nadie se salva solo, debemos salvarnos en conjunto\u201d.<\/p>\n<p>Por su parte, el gobernador Dr. Sergio U\u00f1ac hizo un racconto de las actividades desarrolladas en la visita presidencial y cont\u00f3 que durante la recorrida por la empresa Vesuvio \u201ccada uno de los trabajadores expresaron orgullo porque a\u00fan en situaci\u00f3n de pandemia se mantuvieron los puestos de trabajo de la empresa que es modelo en Argentina\u201d.<\/p>\n<p><img loading=\"lazy\" decoding=\"async\" class=\"alignnone wp-image-41056 size-large\" src=\"https:\/\/vocesparalelas.com.ar\/sitio\/wp-content\/uploads\/2021\/08\/TEXTIL-01-800x665.jpg\" alt=\"\" width=\"800\" height=\"665\" srcset=\"https:\/\/vocesparalelas.com.ar\/sitio\/wp-content\/uploads\/2021\/08\/TEXTIL-01-800x665.jpg 800w, https:\/\/vocesparalelas.com.ar\/sitio\/wp-content\/uploads\/2021\/08\/TEXTIL-01-300x249.jpg 300w, https:\/\/vocesparalelas.com.ar\/sitio\/wp-content\/uploads\/2021\/08\/TEXTIL-01-768x638.jpg 768w, https:\/\/vocesparalelas.com.ar\/sitio\/wp-content\/uploads\/2021\/08\/TEXTIL-01.jpg 1024w\" sizes=\"auto, (max-width: 800px) 100vw, 800px\" \/><\/p>\n<p>Luego, agradeci\u00f3 al presidente y al ministro Ferraresi por su compromiso para financiar con presupuesto nacional la construcci\u00f3n de distintos barrios para los sanjuaninos.<\/p>\n<p>U\u00f1ac mostr\u00f3 su gratitud con el presidente y valor\u00f3 su equipo de trabajo ya que \u201ccada vez que pedimos audiencia o hemos gestionado con cada uno de los ministros tuvimos una respuesta positiva\u201d.<\/p>\n<p>En ese sentido destac\u00f3 la mirada federal del Gobierno nacional y dijo que desde San Juan colaborar\u00e1n con todas las provincias que busquen desarrollar la miner\u00eda.<\/p>\n<p>Para finalizar, U\u00f1ac destac\u00f3 nuevamente la visita del presidente posterremoto y consider\u00f3 que \u201cgracias al acompa\u00f1amiento del Gobierno nacional las cosas se hacen realidad y se comienza a disfrutar de una igualdad de oportunidades y crecimiento para todos los sanjuaninos y argentinos\u201d.<\/p>\n<p>Acompa\u00f1aron al gobernador durante la jornada, los ministros de Producci\u00f3n y Desarrollo Econ\u00f3mico, Andr\u00e9s D\u00edaz Cano; y de Desarrollo Humano, Fabi\u00e1n Aballay; el diputado nacional Jos\u00e9 Luis Gioja; el secretario de Seguridad, Carlos Munisaga; el subsecretario de la Unidad Gobernaci\u00f3n, Luis Rueda; el secretario de Vivienda y H\u00e1bitat, Robert Garc\u00e9s; el director del IPV, Marcelo Yornet; el intendente de Pocito, Armando S\u00e1nchez; la diputada provincial Marcela Monti; el jefe de la X Agrupaci\u00f3n San Juan de Gendarmer\u00eda Nacional, comandante principal V\u00edctor Nelson Senicen y el jefe del RIM 22, teniente coronel Rolando Labrousse.<\/p>\n<p><iframe loading=\"lazy\" title=\"El gobernador y el Presidente visitaron una empresa textil y recorrieron obras de viviendas\" width=\"800\" height=\"450\" src=\"https:\/\/www.youtube.com\/embed\/PxsfCxc-1yU?feature=oembed\" frameborder=\"0\" allow=\"accelerometer; autoplay; clipboard-write; encrypted-media; gyroscope; picture-in-picture\" allowfullscreen><\/iframe><\/p>\n<p>&nbsp;<\/p>\n<p>&nbsp;<\/p>\n<p>&nbsp;<\/p>\n<p>&nbsp;<\/p>\n","protected":false},"excerpt":{"rendered":"<p>Durante la jornada del Lunes, 23 de Agosto, el presidente de la Naci\u00f3n, Dr. Alberto Fern\u00e1ndez arrib\u00f3 a San Juan<\/p>\n","protected":false},"author":3,"featured_media":41057,"comment_status":"closed","ping_status":"closed","sticky":false,"template":"","format":"video","meta":{"_acf_changed":false,"_seopress_robots_primary_cat":"none","_seopress_titles_title":"","_seopress_titles_desc":"","_seopress_robots_index":"","colormag_page_container_layout":"default_layout","colormag_page_sidebar_layout":"default_layout","footnotes":""},"categories":[1,7],"tags":[],"class_list":["post-41054","post","type-post","status-publish","format-video","has-post-thumbnail","hentry","category-destacadas","category-videos","post_format-post-format-video"],"acf":[],"_links":{"self":[{"href":"https:\/\/vocesparalelas.com.ar\/sitio\/wp-json\/wp\/v2\/posts\/41054","targetHints":{"allow":["GET"]}}],"collection":[{"href":"https:\/\/vocesparalelas.com.ar\/sitio\/wp-json\/wp\/v2\/posts"}],"about":[{"href":"https:\/\/vocesparalelas.com.ar\/sitio\/wp-json\/wp\/v2\/types\/post"}],"author":[{"embeddable":true,"href":"https:\/\/vocesparalelas.com.ar\/sitio\/wp-json\/wp\/v2\/users\/3"}],"replies":[{"embeddable":true,"href":"https:\/\/vocesparalelas.com.ar\/sitio\/wp-json\/wp\/v2\/comments?post=41054"}],"version-history":[{"count":1,"href":"https:\/\/vocesparalelas.com.ar\/sitio\/wp-json\/wp\/v2\/posts\/41054\/revisions"}],"predecessor-version":[{"id":41058,"href":"https:\/\/vocesparalelas.com.ar\/sitio\/wp-json\/wp\/v2\/posts\/41054\/revisions\/41058"}],"wp:featuredmedia":[{"embeddable":true,"href":"https:\/\/vocesparalelas.com.ar\/sitio\/wp-json\/wp\/v2\/media\/41057"}],"wp:attachment":[{"href":"https:\/\/vocesparalelas.com.ar\/sitio\/wp-json\/wp\/v2\/media?parent=41054"}],"wp:term":[{"taxonomy":"category","embeddable":true,"href":"https:\/\/vocesparalelas.com.ar\/sitio\/wp-json\/wp\/v2\/categories?post=41054"},{"taxonomy":"post_tag","embeddable":true,"href":"https:\/\/vocesparalelas.com.ar\/sitio\/wp-json\/wp\/v2\/tags?post=41054"}],"curies":[{"name":"wp","href":"https:\/\/api.w.org\/{rel}","templated":true}]}}