{"id":41040,"date":"2021-08-23T13:22:16","date_gmt":"2021-08-23T16:22:16","guid":{"rendered":"https:\/\/vocesparalelas.com.ar\/sitio\/?p=41040"},"modified":"2021-08-23T13:22:16","modified_gmt":"2021-08-23T16:22:16","slug":"se-suspenden-las-clases-en-el-departamento-iglesia-turno-tarde-vespertino-y-nocturno","status":"publish","type":"post","link":"https:\/\/vocesparalelas.com.ar\/sitio\/se-suspenden-las-clases-en-el-departamento-iglesia-turno-tarde-vespertino-y-nocturno\/","title":{"rendered":"Se suspenden las clases en el Departamento Iglesia turno tarde, vespertino y nocturno."},"content":{"rendered":"<div class=\"itemImageBlock\">\n<div class=\"clr\">El Ministerio de Educaci\u00f3n del Gobierno de San Juan informa que ante las adversas condiciones clim\u00e1ticas por viento, de acuerdo con la informaci\u00f3n proporcionada por la alerta del Servicio Meteorol\u00f3gico Nacional y Protecci\u00f3n Civil, se determin\u00f3 suspender el Lunes, 23 de Agosto, la actividad escolar en el turno tarde, vespertino y nocturno en el Departamento Iglesia, en todos los niveles y modalidades, para escuelas de gesti\u00f3n p\u00fablica y privada.<\/div>\n<\/div>\n<div class=\"itemFullText\">\n<p>Advirtiendo que se sigue atentamente la evoluci\u00f3n de las condiciones clim\u00e1ticas, de haber alguna novedad se informar\u00e1 a la brevedad por este medio.<\/p>\n<\/div>\n<p>&nbsp;<\/p>\n","protected":false},"excerpt":{"rendered":"<p>El Ministerio de Educaci\u00f3n del Gobierno de San Juan informa que ante las adversas condiciones clim\u00e1ticas por viento, de acuerdo<\/p>\n","protected":false},"author":3,"featured_media":28629,"comment_status":"closed","ping_status":"closed","sticky":false,"template":"","format":"standard","meta":{"_acf_changed":false,"_seopress_robots_primary_cat":"none","_seopress_titles_title":"","_seopress_titles_desc":"","_seopress_robots_index":"","colormag_page_container_layout":"default_layout","colormag_page_sidebar_layout":"default_layout","footnotes":""},"categories":[1],"tags":[],"class_list":["post-41040","post","type-post","status-publish","format-standard","has-post-thumbnail","hentry","category-destacadas"],"acf":[],"_links":{"self":[{"href":"https:\/\/vocesparalelas.com.ar\/sitio\/wp-json\/wp\/v2\/posts\/41040","targetHints":{"allow":["GET"]}}],"collection":[{"href":"https:\/\/vocesparalelas.com.ar\/sitio\/wp-json\/wp\/v2\/posts"}],"about":[{"href":"https:\/\/vocesparalelas.com.ar\/sitio\/wp-json\/wp\/v2\/types\/post"}],"author":[{"embeddable":true,"href":"https:\/\/vocesparalelas.com.ar\/sitio\/wp-json\/wp\/v2\/users\/3"}],"replies":[{"embeddable":true,"href":"https:\/\/vocesparalelas.com.ar\/sitio\/wp-json\/wp\/v2\/comments?post=41040"}],"version-history":[{"count":1,"href":"https:\/\/vocesparalelas.com.ar\/sitio\/wp-json\/wp\/v2\/posts\/41040\/revisions"}],"predecessor-version":[{"id":41042,"href":"https:\/\/vocesparalelas.com.ar\/sitio\/wp-json\/wp\/v2\/posts\/41040\/revisions\/41042"}],"wp:featuredmedia":[{"embeddable":true,"href":"https:\/\/vocesparalelas.com.ar\/sitio\/wp-json\/wp\/v2\/media\/28629"}],"wp:attachment":[{"href":"https:\/\/vocesparalelas.com.ar\/sitio\/wp-json\/wp\/v2\/media?parent=41040"}],"wp:term":[{"taxonomy":"category","embeddable":true,"href":"https:\/\/vocesparalelas.com.ar\/sitio\/wp-json\/wp\/v2\/categories?post=41040"},{"taxonomy":"post_tag","embeddable":true,"href":"https:\/\/vocesparalelas.com.ar\/sitio\/wp-json\/wp\/v2\/tags?post=41040"}],"curies":[{"name":"wp","href":"https:\/\/api.w.org\/{rel}","templated":true}]}}