{"id":41034,"date":"2021-08-22T21:58:18","date_gmt":"2021-08-23T00:58:18","guid":{"rendered":"https:\/\/vocesparalelas.com.ar\/sitio\/?p=41034"},"modified":"2021-08-22T23:58:42","modified_gmt":"2021-08-23T02:58:42","slug":"se-inauguro-la-iluminacion-de-la-cancha-de-futbol-del-complejo-polideportivo-el-palomar-de-la-unsj","status":"publish","type":"post","link":"https:\/\/vocesparalelas.com.ar\/sitio\/se-inauguro-la-iluminacion-de-la-cancha-de-futbol-del-complejo-polideportivo-el-palomar-de-la-unsj\/","title":{"rendered":"Se inaugur\u00f3 la iluminaci\u00f3n de la cancha de f\u00fatbol del Complejo Polideportivo \u00abEl Palomar\u00bb de la UNSJ"},"content":{"rendered":"<div class=\"wrap-item\">\n<p>En el Complejo Polideportivo \u00abEl Palomar\u00bb de la Universidad Nacional de San Juan se inaugur\u00f3\u00a0 el sistema de iluminaci\u00f3n de la cancha de f\u00fatbol ubicada entre la cancha de hockey de c\u00e9sped y pista de atletismo y el quincho, que est\u00e1 sobre 25 de Mayo.<\/p>\n<p><img loading=\"lazy\" decoding=\"async\" class=\"alignnone wp-image-40986 size-full\" src=\"https:\/\/vocesparalelas.com.ar\/sitio\/wp-content\/uploads\/2021\/08\/UNSJ-CANCHA-05.jpg\" alt=\"\" width=\"800\" height=\"533\" srcset=\"https:\/\/vocesparalelas.com.ar\/sitio\/wp-content\/uploads\/2021\/08\/UNSJ-CANCHA-05.jpg 800w, https:\/\/vocesparalelas.com.ar\/sitio\/wp-content\/uploads\/2021\/08\/UNSJ-CANCHA-05-300x200.jpg 300w, https:\/\/vocesparalelas.com.ar\/sitio\/wp-content\/uploads\/2021\/08\/UNSJ-CANCHA-05-768x512.jpg 768w\" sizes=\"auto, (max-width: 800px) 100vw, 800px\" \/><\/p>\n<p><img loading=\"lazy\" decoding=\"async\" class=\"alignnone wp-image-40988 size-full\" src=\"https:\/\/vocesparalelas.com.ar\/sitio\/wp-content\/uploads\/2021\/08\/UNSJ-CANCHA-07.jpg\" alt=\"\" width=\"800\" height=\"533\" srcset=\"https:\/\/vocesparalelas.com.ar\/sitio\/wp-content\/uploads\/2021\/08\/UNSJ-CANCHA-07.jpg 800w, https:\/\/vocesparalelas.com.ar\/sitio\/wp-content\/uploads\/2021\/08\/UNSJ-CANCHA-07-300x200.jpg 300w, https:\/\/vocesparalelas.com.ar\/sitio\/wp-content\/uploads\/2021\/08\/UNSJ-CANCHA-07-768x512.jpg 768w\" sizes=\"auto, (max-width: 800px) 100vw, 800px\" \/><\/p>\n<p>De esta manera, se logr\u00f3 ampliar el servicio del complejo, donde estuvieron presentes el Rector de la UNSJ, Ing. Tadeo Berenguer, la vicerrectora, Dr. Anal\u00eda Ponce, el Secretario de Bienestar Universitario, CPN Lucas Molina Rojo, el Secretario de Obras y Servicios, Ing. Hugo Fern\u00e1ndez, otras autoridades.<\/p>\n<p>Voces Paralelas entrevist\u00f3 al Rector de la UNSJ, Ing. Tadeo Berenguer, quien resalt\u00f3 la importancia del nuevo servicio porque esta cancha es uno de los puntos de encuentro para la comunidad universitaria y ya no se trada de la practica del futbol entre los hombre sino tambi\u00e9n de las mujeres.<\/p>\n<\/div>\n<p><iframe loading=\"lazy\" title=\"UNSJ ING. TADEO BERENGUER\" width=\"800\" height=\"450\" src=\"https:\/\/www.youtube.com\/embed\/LkmCyXz_eNY?feature=oembed\" frameborder=\"0\" allow=\"accelerometer; autoplay; clipboard-write; encrypted-media; gyroscope; picture-in-picture\" allowfullscreen><\/iframe><\/p>\n<p>&nbsp;<\/p>\n<p>Luego, el Secretario de Bienestar Universitario, CPN Lucas Molina Rojo, quien destac\u00f3 que es una necesidad obligada de todos la iluminaci\u00f3n en esta zona. Es m\u00e1s el equipo de la Universidad y el equipo de Pe\u00f1arol, nos brindan un partido de futbol femenino amistoso.<\/p>\n<p>&nbsp;<\/p>\n<p><iframe loading=\"lazy\" title=\"UNSJ CPN LUCAS\" width=\"800\" height=\"450\" src=\"https:\/\/www.youtube.com\/embed\/bBphFBSB4-0?feature=oembed\" frameborder=\"0\" allow=\"accelerometer; autoplay; clipboard-write; encrypted-media; gyroscope; picture-in-picture\" allowfullscreen><\/iframe><\/p>\n<p>Equipo femenino de f\u00fatbol de la Universidad Nacional de San Juan<\/p>\n<p><img loading=\"lazy\" decoding=\"async\" class=\"alignnone wp-image-40984 size-full\" src=\"https:\/\/vocesparalelas.com.ar\/sitio\/wp-content\/uploads\/2021\/08\/UNSJ-CANCHA-03.jpg\" alt=\"\" width=\"800\" height=\"533\" srcset=\"https:\/\/vocesparalelas.com.ar\/sitio\/wp-content\/uploads\/2021\/08\/UNSJ-CANCHA-03.jpg 800w, https:\/\/vocesparalelas.com.ar\/sitio\/wp-content\/uploads\/2021\/08\/UNSJ-CANCHA-03-300x200.jpg 300w, https:\/\/vocesparalelas.com.ar\/sitio\/wp-content\/uploads\/2021\/08\/UNSJ-CANCHA-03-768x512.jpg 768w\" sizes=\"auto, (max-width: 800px) 100vw, 800px\" \/><\/p>\n<p>Equipo femenino de f\u00fatbol Pe\u00f1arol<\/p>\n<p><img loading=\"lazy\" decoding=\"async\" class=\"alignnone wp-image-40987 size-full\" src=\"https:\/\/vocesparalelas.com.ar\/sitio\/wp-content\/uploads\/2021\/08\/UNSJ-CANCHA-06.jpg\" alt=\"\" width=\"800\" height=\"533\" srcset=\"https:\/\/vocesparalelas.com.ar\/sitio\/wp-content\/uploads\/2021\/08\/UNSJ-CANCHA-06.jpg 800w, https:\/\/vocesparalelas.com.ar\/sitio\/wp-content\/uploads\/2021\/08\/UNSJ-CANCHA-06-300x200.jpg 300w, https:\/\/vocesparalelas.com.ar\/sitio\/wp-content\/uploads\/2021\/08\/UNSJ-CANCHA-06-768x512.jpg 768w\" sizes=\"auto, (max-width: 800px) 100vw, 800px\" \/><\/p>\n<p><img loading=\"lazy\" decoding=\"async\" class=\"alignnone wp-image-40985 size-full\" src=\"https:\/\/vocesparalelas.com.ar\/sitio\/wp-content\/uploads\/2021\/08\/UNSJ-CANCHA-04.jpg\" alt=\"\" width=\"800\" height=\"533\" srcset=\"https:\/\/vocesparalelas.com.ar\/sitio\/wp-content\/uploads\/2021\/08\/UNSJ-CANCHA-04.jpg 800w, https:\/\/vocesparalelas.com.ar\/sitio\/wp-content\/uploads\/2021\/08\/UNSJ-CANCHA-04-300x200.jpg 300w, https:\/\/vocesparalelas.com.ar\/sitio\/wp-content\/uploads\/2021\/08\/UNSJ-CANCHA-04-768x512.jpg 768w\" sizes=\"auto, (max-width: 800px) 100vw, 800px\" \/><\/p>\n<p><img loading=\"lazy\" decoding=\"async\" class=\"alignnone wp-image-40982 size-full\" src=\"https:\/\/vocesparalelas.com.ar\/sitio\/wp-content\/uploads\/2021\/08\/UNSJ-CANCHA-01.jpg\" alt=\"\" width=\"800\" height=\"533\" srcset=\"https:\/\/vocesparalelas.com.ar\/sitio\/wp-content\/uploads\/2021\/08\/UNSJ-CANCHA-01.jpg 800w, https:\/\/vocesparalelas.com.ar\/sitio\/wp-content\/uploads\/2021\/08\/UNSJ-CANCHA-01-300x200.jpg 300w, https:\/\/vocesparalelas.com.ar\/sitio\/wp-content\/uploads\/2021\/08\/UNSJ-CANCHA-01-768x512.jpg 768w\" sizes=\"auto, (max-width: 800px) 100vw, 800px\" \/><\/p>\n","protected":false},"excerpt":{"rendered":"<p>En el Complejo Polideportivo \u00abEl Palomar\u00bb de la Universidad Nacional de San Juan se inaugur\u00f3\u00a0 el sistema de iluminaci\u00f3n de<\/p>\n","protected":false},"author":3,"featured_media":40983,"comment_status":"closed","ping_status":"closed","sticky":false,"template":"","format":"video","meta":{"_acf_changed":false,"_seopress_robots_primary_cat":"none","_seopress_titles_title":"","_seopress_titles_desc":"","_seopress_robots_index":"","colormag_page_container_layout":"default_layout","colormag_page_sidebar_layout":"default_layout","footnotes":""},"categories":[1,7],"tags":[],"class_list":["post-41034","post","type-post","status-publish","format-video","has-post-thumbnail","hentry","category-destacadas","category-videos","post_format-post-format-video"],"acf":[],"_links":{"self":[{"href":"https:\/\/vocesparalelas.com.ar\/sitio\/wp-json\/wp\/v2\/posts\/41034","targetHints":{"allow":["GET"]}}],"collection":[{"href":"https:\/\/vocesparalelas.com.ar\/sitio\/wp-json\/wp\/v2\/posts"}],"about":[{"href":"https:\/\/vocesparalelas.com.ar\/sitio\/wp-json\/wp\/v2\/types\/post"}],"author":[{"embeddable":true,"href":"https:\/\/vocesparalelas.com.ar\/sitio\/wp-json\/wp\/v2\/users\/3"}],"replies":[{"embeddable":true,"href":"https:\/\/vocesparalelas.com.ar\/sitio\/wp-json\/wp\/v2\/comments?post=41034"}],"version-history":[{"count":1,"href":"https:\/\/vocesparalelas.com.ar\/sitio\/wp-json\/wp\/v2\/posts\/41034\/revisions"}],"predecessor-version":[{"id":41036,"href":"https:\/\/vocesparalelas.com.ar\/sitio\/wp-json\/wp\/v2\/posts\/41034\/revisions\/41036"}],"wp:featuredmedia":[{"embeddable":true,"href":"https:\/\/vocesparalelas.com.ar\/sitio\/wp-json\/wp\/v2\/media\/40983"}],"wp:attachment":[{"href":"https:\/\/vocesparalelas.com.ar\/sitio\/wp-json\/wp\/v2\/media?parent=41034"}],"wp:term":[{"taxonomy":"category","embeddable":true,"href":"https:\/\/vocesparalelas.com.ar\/sitio\/wp-json\/wp\/v2\/categories?post=41034"},{"taxonomy":"post_tag","embeddable":true,"href":"https:\/\/vocesparalelas.com.ar\/sitio\/wp-json\/wp\/v2\/tags?post=41034"}],"curies":[{"name":"wp","href":"https:\/\/api.w.org\/{rel}","templated":true}]}}