{"id":41030,"date":"2021-08-22T22:27:15","date_gmt":"2021-08-23T01:27:15","guid":{"rendered":"https:\/\/vocesparalelas.com.ar\/sitio\/?p=41030"},"modified":"2021-08-22T23:27:27","modified_gmt":"2021-08-23T02:27:27","slug":"se-presento-el-proceso-progresivo-hacia-la-presencialidad-cuidada-y-plena-en-san-juan","status":"publish","type":"post","link":"https:\/\/vocesparalelas.com.ar\/sitio\/se-presento-el-proceso-progresivo-hacia-la-presencialidad-cuidada-y-plena-en-san-juan\/","title":{"rendered":"Se present\u00f3 el proceso progresivo hacia la presencialidad cuidada y plena en San Juan"},"content":{"rendered":"<p>El ministro de Educaci\u00f3n del Gobierno de San Juan, Lic. Felipe De Los R\u00edos, recibi\u00f3 a los secretarios generales de los gremios docentes.<\/p>\n<p>Por la Uni\u00f3n Docentes Agremiados Provinciales, Luis Lucero; por la Uni\u00f3n Docentes Argentinos, Julio Roberto Rosa y por la Asociaci\u00f3n del Magisterio de Ense\u00f1anza T\u00e9cnica, Daniel Quiroga.<\/p>\n<p>Tambi\u00e9n participaron del encuentro, la secretaria de Educaci\u00f3n, Rosana Vicentela, la directora de Gabinetes T\u00e9cnicos Interdisciplinarios de Educaci\u00f3n, M\u00f3nica Guti\u00e9rrez e integrantes del secretariado ejecutivo de los gremios.<\/p>\n<p>Los temas abordados en el encuentro fueron: el pago por planillas complementaria de designaciones demoradas de marzo a junio. Tambi\u00e9n se analiz\u00f3 el contenido del acta paritaria nacional docente.<\/p>\n<p>Posteriormente, se present\u00f3 el proceso progresivo hacia la presencialidad cuidada y plena. Se explic\u00f3 que la implementaci\u00f3n es gradual y progresiva por departamentos, siempre teniendo en cuenta el estado sanitario de la provincia.<\/p>\n<p>Propuesta que tambi\u00e9n fue presentada y aprobada por el Ministerio de Salud, recibiendo algunas recomendaciones a incorporar para reforzar los protocolos sanitarios preventivos por parte de la secretaria de Planificaci\u00f3n de Salud P\u00fablica, Alina Almaz\u00e1n.<\/p>\n<p>Las autoridades educativas detallaron el refuerzo de medidas sanitarias con la entrega de kits sanitizantes a los alumnos y de limpieza para las escuelas, sumado a las desinfecciones de los edificios educativos.<\/p>\n<p>Los gremios realizaron aportes que fueron incorporados, sumados a enriquecer el proceso para la presencialidad cuidada y plena en San Juan.<\/p>\n<p>&nbsp;<\/p>\n<p>&nbsp;<\/p>\n<p>&nbsp;<\/p>\n","protected":false},"excerpt":{"rendered":"<p>El ministro de Educaci\u00f3n del Gobierno de San Juan, Lic. Felipe De Los R\u00edos, recibi\u00f3 a los secretarios generales de<\/p>\n","protected":false},"author":3,"featured_media":41032,"comment_status":"closed","ping_status":"closed","sticky":false,"template":"","format":"standard","meta":{"_acf_changed":false,"_seopress_robots_primary_cat":"none","_seopress_titles_title":"","_seopress_titles_desc":"","_seopress_robots_index":"","colormag_page_container_layout":"default_layout","colormag_page_sidebar_layout":"default_layout","footnotes":""},"categories":[1],"tags":[],"class_list":["post-41030","post","type-post","status-publish","format-standard","has-post-thumbnail","hentry","category-destacadas"],"acf":[],"_links":{"self":[{"href":"https:\/\/vocesparalelas.com.ar\/sitio\/wp-json\/wp\/v2\/posts\/41030","targetHints":{"allow":["GET"]}}],"collection":[{"href":"https:\/\/vocesparalelas.com.ar\/sitio\/wp-json\/wp\/v2\/posts"}],"about":[{"href":"https:\/\/vocesparalelas.com.ar\/sitio\/wp-json\/wp\/v2\/types\/post"}],"author":[{"embeddable":true,"href":"https:\/\/vocesparalelas.com.ar\/sitio\/wp-json\/wp\/v2\/users\/3"}],"replies":[{"embeddable":true,"href":"https:\/\/vocesparalelas.com.ar\/sitio\/wp-json\/wp\/v2\/comments?post=41030"}],"version-history":[{"count":1,"href":"https:\/\/vocesparalelas.com.ar\/sitio\/wp-json\/wp\/v2\/posts\/41030\/revisions"}],"predecessor-version":[{"id":41033,"href":"https:\/\/vocesparalelas.com.ar\/sitio\/wp-json\/wp\/v2\/posts\/41030\/revisions\/41033"}],"wp:featuredmedia":[{"embeddable":true,"href":"https:\/\/vocesparalelas.com.ar\/sitio\/wp-json\/wp\/v2\/media\/41032"}],"wp:attachment":[{"href":"https:\/\/vocesparalelas.com.ar\/sitio\/wp-json\/wp\/v2\/media?parent=41030"}],"wp:term":[{"taxonomy":"category","embeddable":true,"href":"https:\/\/vocesparalelas.com.ar\/sitio\/wp-json\/wp\/v2\/categories?post=41030"},{"taxonomy":"post_tag","embeddable":true,"href":"https:\/\/vocesparalelas.com.ar\/sitio\/wp-json\/wp\/v2\/tags?post=41030"}],"curies":[{"name":"wp","href":"https:\/\/api.w.org\/{rel}","templated":true}]}}