{"id":41026,"date":"2021-08-22T22:56:44","date_gmt":"2021-08-23T01:56:44","guid":{"rendered":"https:\/\/vocesparalelas.com.ar\/sitio\/?p=41026"},"modified":"2021-08-22T22:57:14","modified_gmt":"2021-08-23T01:57:14","slug":"se-suspenden-las-actividades-en-algunas-instituciones-educativas-turno-manana","status":"publish","type":"post","link":"https:\/\/vocesparalelas.com.ar\/sitio\/se-suspenden-las-actividades-en-algunas-instituciones-educativas-turno-manana\/","title":{"rendered":"Se suspenden las actividades en algunas instituciones educativas turno ma\u00f1ana"},"content":{"rendered":"<p>El Ministerio de Educaci\u00f3n del Gobierno de San Juan informa que el Lunes, 23 de Agosto, no habr\u00e1 actividad escolar en algunas instituciones educativas en el turno ma\u00f1ana.\u00a0La persistencia del viento el fin de semana, origin\u00f3 diversos inconvenientes en las instituciones educativas ante el corte de servicios de agua y energ\u00eda el\u00e9ctrica, ante ca\u00edda o quema de cables y postes de electricidad.<\/p>\n<p>Tambi\u00e9n, en algunos establecimientos, algunos \u00e1rboles se incendiaron en la base o copa, los que deben ser erradicados para evitar incidentes futuros.<\/p>\n<p>Ante los trabajos de erradicaci\u00f3n, despeje, limpieza que deben realizarse se suspende la actividad escolar, en la ma\u00f1ana de este lunes 23 de agosto en las siguientes escuelas:<\/p>\n<p><span style=\"color: #008000;\"><strong>Departamento Capital<\/strong><\/span><\/p>\n<ul>\n<li>ENI N\u00ba 1 Federico Froebel: sin servicio de agua potable.<\/li>\n<\/ul>\n<p><span style=\"color: #008000;\"><strong>Departamento Caucete<\/strong><\/span><\/p>\n<ul>\n<li>Escuela Leonor S\u00e1nchez de Arancibia (ENI 41): \u00e1rbol quemado en riesgo de caer.<\/li>\n<li>Escuela Andina: sin servicio de agua potable y energ\u00eda el\u00e9ctrica.<\/li>\n<li>Escuela Pedro Echague: sin servicio de agua potable y energ\u00eda el\u00e9ctrica.<\/li>\n<\/ul>\n<p><span style=\"color: #008000;\"><strong>Departamento Pocito<\/strong><\/span><\/p>\n<ul>\n<li>Escuela Pedro \u00c1lvarez: sin energ\u00eda el\u00e9ctrica.<\/li>\n<li>JINZ N\u00b0 26\u00a0comprendidos por: Pedro de Valdivia &#8211; Carlos Vergara &#8211; Maestro Argentino &#8211; Virginia Parker sin energ\u00eda el\u00e9ctrica.<\/li>\n<\/ul>\n<p><span style=\"color: #008000;\"><strong>Departamento Rawson<\/strong><\/span><\/p>\n<ul>\n<li>Escuela Agrot\u00e9cnica Los Pioneros: sin energ\u00eda el\u00e9ctrica en bomba de agua y \u00e1rboles ca\u00eddos.<\/li>\n<\/ul>\n<p><span style=\"color: #008000;\"><strong>Departamento San Mart\u00edn<\/strong><\/span><\/p>\n<ul>\n<li>Escuela Julio Verne: sin servicio de agua potable.<\/li>\n<\/ul>\n<p><span style=\"color: #008000;\"><strong>Departamento Valle F\u00e9rtil<\/strong><\/span><\/p>\n<ul>\n<li>Escuela Mar\u00eda Elena Vidart de Maur\u00edn: sin servicio de agua potable.<\/li>\n<\/ul>\n<p>Reestablecidos los servicios, se prev\u00e9 que en el turno tarde se normalizar\u00e1 la actividad escolar en forma total.<\/p>\n","protected":false},"excerpt":{"rendered":"<p>El Ministerio de Educaci\u00f3n del Gobierno de San Juan informa que el Lunes, 23 de Agosto, no habr\u00e1 actividad escolar<\/p>\n","protected":false},"author":3,"featured_media":28629,"comment_status":"closed","ping_status":"closed","sticky":false,"template":"","format":"standard","meta":{"_acf_changed":false,"_seopress_robots_primary_cat":"none","_seopress_titles_title":"","_seopress_titles_desc":"","_seopress_robots_index":"","colormag_page_container_layout":"default_layout","colormag_page_sidebar_layout":"default_layout","footnotes":""},"categories":[1],"tags":[],"class_list":["post-41026","post","type-post","status-publish","format-standard","has-post-thumbnail","hentry","category-destacadas"],"acf":[],"_links":{"self":[{"href":"https:\/\/vocesparalelas.com.ar\/sitio\/wp-json\/wp\/v2\/posts\/41026","targetHints":{"allow":["GET"]}}],"collection":[{"href":"https:\/\/vocesparalelas.com.ar\/sitio\/wp-json\/wp\/v2\/posts"}],"about":[{"href":"https:\/\/vocesparalelas.com.ar\/sitio\/wp-json\/wp\/v2\/types\/post"}],"author":[{"embeddable":true,"href":"https:\/\/vocesparalelas.com.ar\/sitio\/wp-json\/wp\/v2\/users\/3"}],"replies":[{"embeddable":true,"href":"https:\/\/vocesparalelas.com.ar\/sitio\/wp-json\/wp\/v2\/comments?post=41026"}],"version-history":[{"count":2,"href":"https:\/\/vocesparalelas.com.ar\/sitio\/wp-json\/wp\/v2\/posts\/41026\/revisions"}],"predecessor-version":[{"id":41029,"href":"https:\/\/vocesparalelas.com.ar\/sitio\/wp-json\/wp\/v2\/posts\/41026\/revisions\/41029"}],"wp:featuredmedia":[{"embeddable":true,"href":"https:\/\/vocesparalelas.com.ar\/sitio\/wp-json\/wp\/v2\/media\/28629"}],"wp:attachment":[{"href":"https:\/\/vocesparalelas.com.ar\/sitio\/wp-json\/wp\/v2\/media?parent=41026"}],"wp:term":[{"taxonomy":"category","embeddable":true,"href":"https:\/\/vocesparalelas.com.ar\/sitio\/wp-json\/wp\/v2\/categories?post=41026"},{"taxonomy":"post_tag","embeddable":true,"href":"https:\/\/vocesparalelas.com.ar\/sitio\/wp-json\/wp\/v2\/tags?post=41026"}],"curies":[{"name":"wp","href":"https:\/\/api.w.org\/{rel}","templated":true}]}}