{"id":41021,"date":"2021-08-22T22:32:42","date_gmt":"2021-08-23T01:32:42","guid":{"rendered":"https:\/\/vocesparalelas.com.ar\/sitio\/?p=41021"},"modified":"2021-08-22T22:32:51","modified_gmt":"2021-08-23T01:32:51","slug":"el-presidente-dr-alberto-fernandez-llega-a-san-juan","status":"publish","type":"post","link":"https:\/\/vocesparalelas.com.ar\/sitio\/el-presidente-dr-alberto-fernandez-llega-a-san-juan\/","title":{"rendered":"El presidente Dr. Alberto Fern\u00e1ndez llega a San Juan"},"content":{"rendered":"<p>El Presidente recorre esta semana el interior del pa\u00eds, el Lunes, 23 de Agosto, visita la provincia de San Juan, el Mi\u00e9rcoles, 24 de Agosto, la provincia de Catamarca y el Viernes, 26 de Agosto la provincia de La Pampa.<\/p>\n<p>El presidente Dr. Alberto Fern\u00e1ndez visita San Juan, el Lunes, 23 de Agosto, a las 11:30 hs.; y junto al gobernador Dr. Sergio U\u00f1ac recorren la f\u00e1brica textil Vesuvio de la firma internacional Lacoste, ubicada en el Departamento Pocito, donde la empresa elabora unas 400 mil unidades por a\u00f1o, y genera 276 puestos de trabajo directo y 250 empleos indirectos. Lo reciben el intendentede la Municipalidad de Pocito, Armando S\u00e1nchez y la CEO de Lacoste, Cecilia Mascardi.<\/p>\n<p>Luego, recorre la obra de viviendas en los Barrios Sierras de la Localidad Marquesado, Departamento Rivadavia e Ingeniero C\u00e9spedes, donde con financiamiento del Gobierno Nacional se construyen viviendas para familias afectadas por el sismo registrado en enero pasado en la provincia cuyana. Es importante recordar que, el gobierno nacional construye m\u00e1s de 800 viviendas para familias afectadas por el sismo registrado en enero \u00faltimo en esa provincia cuyana hasta donde viaj\u00f3 el mandatario en ese momento para acompa\u00f1ar a los afectados por la emergencia.<\/p>\n<p>Es Mandatario viene acompa\u00f1ado de los ministros del Interior, Dr. Eduardo de Pedro; de Desarrollo Territorial y H\u00e1bitat, Ing. Jorge Ferraresi y de Desarrollo Productivo, Lic. Matias Kulfas, y el secretario General de la Presidencia, Julio Vitobello.<\/p>\n<p>&nbsp;<\/p>\n<p>&nbsp;<\/p>\n<p>&nbsp;<\/p>\n<p>&nbsp;<\/p>\n","protected":false},"excerpt":{"rendered":"<p>El Presidente recorre esta semana el interior del pa\u00eds, el Lunes, 23 de Agosto, visita la provincia de San Juan,<\/p>\n","protected":false},"author":3,"featured_media":34385,"comment_status":"closed","ping_status":"closed","sticky":false,"template":"","format":"standard","meta":{"_acf_changed":false,"_seopress_robots_primary_cat":"none","_seopress_titles_title":"","_seopress_titles_desc":"","_seopress_robots_index":"","colormag_page_container_layout":"default_layout","colormag_page_sidebar_layout":"default_layout","footnotes":""},"categories":[1],"tags":[],"class_list":["post-41021","post","type-post","status-publish","format-standard","has-post-thumbnail","hentry","category-destacadas"],"acf":[],"_links":{"self":[{"href":"https:\/\/vocesparalelas.com.ar\/sitio\/wp-json\/wp\/v2\/posts\/41021","targetHints":{"allow":["GET"]}}],"collection":[{"href":"https:\/\/vocesparalelas.com.ar\/sitio\/wp-json\/wp\/v2\/posts"}],"about":[{"href":"https:\/\/vocesparalelas.com.ar\/sitio\/wp-json\/wp\/v2\/types\/post"}],"author":[{"embeddable":true,"href":"https:\/\/vocesparalelas.com.ar\/sitio\/wp-json\/wp\/v2\/users\/3"}],"replies":[{"embeddable":true,"href":"https:\/\/vocesparalelas.com.ar\/sitio\/wp-json\/wp\/v2\/comments?post=41021"}],"version-history":[{"count":1,"href":"https:\/\/vocesparalelas.com.ar\/sitio\/wp-json\/wp\/v2\/posts\/41021\/revisions"}],"predecessor-version":[{"id":41023,"href":"https:\/\/vocesparalelas.com.ar\/sitio\/wp-json\/wp\/v2\/posts\/41021\/revisions\/41023"}],"wp:featuredmedia":[{"embeddable":true,"href":"https:\/\/vocesparalelas.com.ar\/sitio\/wp-json\/wp\/v2\/media\/34385"}],"wp:attachment":[{"href":"https:\/\/vocesparalelas.com.ar\/sitio\/wp-json\/wp\/v2\/media?parent=41021"}],"wp:term":[{"taxonomy":"category","embeddable":true,"href":"https:\/\/vocesparalelas.com.ar\/sitio\/wp-json\/wp\/v2\/categories?post=41021"},{"taxonomy":"post_tag","embeddable":true,"href":"https:\/\/vocesparalelas.com.ar\/sitio\/wp-json\/wp\/v2\/tags?post=41021"}],"curies":[{"name":"wp","href":"https:\/\/api.w.org\/{rel}","templated":true}]}}