{"id":41012,"date":"2021-08-22T22:15:07","date_gmt":"2021-08-23T01:15:07","guid":{"rendered":"https:\/\/vocesparalelas.com.ar\/sitio\/?p=41012"},"modified":"2021-08-22T23:27:54","modified_gmt":"2021-08-23T02:27:54","slug":"firma-de-convenio-de-cooperacion-permite-ponen-en-marcha-el-desarrollo-de-carreras-universitarias-en-el-departamento-calingasta","status":"publish","type":"post","link":"https:\/\/vocesparalelas.com.ar\/sitio\/firma-de-convenio-de-cooperacion-permite-ponen-en-marcha-el-desarrollo-de-carreras-universitarias-en-el-departamento-calingasta\/","title":{"rendered":"Firma de convenio de cooperaci\u00f3n permite ponen en marcha el desarrollo de carreras universitarias en el Departamento Calingasta"},"content":{"rendered":"<p>La firma de convenio de cooperaci\u00f3n entre el Gobierno de San Juan, la Universidad Nacional de San Juan, la Universidad Cat\u00f3lica de Cuyo, la C\u00e1mara Minera de San Juan y empresas mineras permiten concretar el dictado de carreras universitarias en el Departamento Calingasta.<\/p>\n<p>El acto se desarroll\u00f3 en Casa de Gobierno y estuvo presidido por el gobernador de San Juan, Dr. Sergio U\u00f1ac; acompa\u00f1ado por el intendente de la Municipalidad de Calingasta, Jorge Casta\u00f1eda; el rector de la UNSJ, Ing. Tadeo Berenguer, el rector de la Universidad Cat\u00f3lica de Cuyo, Lic. Claudio Larrea, el secretario general de la C\u00e1mara Minera de San Juan, Ing. Ricardo Mart\u00ednez.<\/p>\n<p><strong><span style=\"color: #339966;\">Empresarios<\/span><\/strong><\/p>\n<ul>\n<li>Glencore Pach\u00f3n SA,<\/li>\n<li>Fortescue Metals,<\/li>\n<li>Casposo Argentina,<\/li>\n<li>Aurora Mining SA,<\/li>\n<li>Minera Peregrine Aldebar\u00e1n Resource,<\/li>\n<li>MSALabs Argentina,<\/li>\n<li>Caterwest,<\/li>\n<\/ul>\n<p><span style=\"color: #339966;\"><strong>Las carreras incorporadas<\/strong><\/span><\/p>\n<p><strong><span style=\"color: #339966;\">Universidad Cat\u00f3lica de Cuyo<\/span><\/strong><\/p>\n<ul>\n<li>Enfermero Universitario,<\/li>\n<li>Tecnicatura Universitaria en Gastronom\u00eda,<\/li>\n<li>Tecnicatura Universitaria en Higiene y Seguridad<\/li>\n<li>Tecnicatura Universitaria en Sommelier<\/li>\n<\/ul>\n<p><strong><span style=\"color: #339966;\">Universidad Nacional de San Juan<\/span><\/strong><\/p>\n<ul>\n<li>Tecnicatura Universitaria en Turismo,<\/li>\n<li>Tecnicatura Universitaria en Explosivos y Voladuras,<\/li>\n<li>Tecnicatura Universitaria en Beneficios de Minerales<\/li>\n<li>Tecnicatura Universitaria en Exploraci\u00f3n Geol\u00f3gica.<\/li>\n<li>Diplomatura en Educaci\u00f3n,<\/li>\n<li>Diplomatura en Historia de San Juan<\/li>\n<li>Diplomatura en Turismo Cient\u00edfico<\/li>\n<\/ul>\n<p>La elecci\u00f3n de los nuevos estudios universitarios\u00a0surgi\u00f3 de la mesa del Plan Estrat\u00e9gico y de las reuniones en el marco de Acuerdo San Juan, oportunidad en la que se abord\u00f3 el tema.<\/p>\n<p>El acto comenz\u00f3 con las palabras del intendente de la Municipalidad de Calingasta, Jorge Casta\u00f1eda, quien muy emocionado los logros concretados e hist\u00f3ricamente, cuando se camin\u00f3 para alcanzar esta realidad para nuestra gente. Llevar la universidad a Calingasta es \u201cel cumplimiento de un sue\u00f1o\u00bb, y agradeci\u00f3 al gobernador por la puesta en marcha del Plan Estrat\u00e9gico y el Acuerdo San Juan, herramientas que permitieron a la comunidad expresar sus inquietudes y necesidades. \u00abEste es el producto de ese esfuerzo conjunto\u00bb.<\/p>\n<p><iframe loading=\"lazy\" title=\"CARRERAS UNIVERSITARIAS\" width=\"800\" height=\"450\" src=\"https:\/\/www.youtube.com\/embed\/359bPcerRhA?feature=oembed\" frameborder=\"0\" allow=\"accelerometer; autoplay; clipboard-write; encrypted-media; gyroscope; picture-in-picture\" allowfullscreen><\/iframe><\/p>\n<p>&nbsp;<\/p>\n<p>Seguidamente, el rector de la Universidad Cat\u00f3lica de Cuyo, Lic. Claudio Larrea, quien destac\u00f3 que \u00abeste convenio responde a las acciones que la instituci\u00f3n a su cargo implement\u00f3 desde hace varios a\u00f1os en Calingasta, como el Complejo Cruvellier. Desde el a\u00f1o que viene saldr\u00e1n al resto de los departamentos para llevar las carreras de Abogac\u00eda, Contador P\u00fablico, Administraci\u00f3n de Empresas a distancia, para darle a los sanjuaninos la posibilidad de estudiar desde sus lugares.<\/p>\n<p><iframe loading=\"lazy\" title=\"CARRERAS UNIVERSITARIAS\" width=\"800\" height=\"450\" src=\"https:\/\/www.youtube.com\/embed\/v5-wOjUsB3U?feature=oembed\" frameborder=\"0\" allow=\"accelerometer; autoplay; clipboard-write; encrypted-media; gyroscope; picture-in-picture\" allowfullscreen><\/iframe><\/p>\n<p>A continuaci\u00f3n, el rector de la UNSJ, Ing. Tadeo Berenguer, hizo hincapi\u00e9 en las pol\u00edticas de Estado basadas en la democratizaci\u00f3n de la educaci\u00f3n superior en el pa\u00eds para plasmar el acceso a la educaci\u00f3n universitaria en los departamentos alejados en San Juan e hizo referencia a la convergencia entre Gobierno, Intendencia, universidades y C\u00e1mara Minera. \u201cEn estos momentos, los planes de estudio comienzan un proceso de actualizaci\u00f3n luego de la pandemia, con t\u00edtulos intermedios y que puedan ser dictadas en los departamentos alejados\u201d, culmin\u00f3.<\/p>\n<p><iframe loading=\"lazy\" title=\"CARRERAS UNIVERSITARIAS\" width=\"800\" height=\"450\" src=\"https:\/\/www.youtube.com\/embed\/uCT2uvh4rXE?feature=oembed\" frameborder=\"0\" allow=\"accelerometer; autoplay; clipboard-write; encrypted-media; gyroscope; picture-in-picture\" allowfullscreen><\/iframe><\/p>\n<p>Posteriormente, el secretario general de la C\u00e1mara Minera de San Juan, Ing. Ricardo Mart\u00ednez destac\u00f3 que \u201destas ideas se implementaron sobre la base de planes estrat\u00e9gicos aplicados por la Provincia\u201d y puso en valor el esp\u00edritu que lleva la miner\u00eda hoy, basado en el desarrollo sustentable y aplicado en este sentido a la educaci\u00f3n en Calingasta orientada hacia la miner\u00eda, con la perspectiva de los proyectos mineros desarrollados en San Juan en el presente y hacia el futuro\u00bb.<\/p>\n<p><iframe loading=\"lazy\" title=\"CARRERAS UNIVERSITARIAS\" width=\"800\" height=\"450\" src=\"https:\/\/www.youtube.com\/embed\/CTr33n2kkjA?feature=oembed\" frameborder=\"0\" allow=\"accelerometer; autoplay; clipboard-write; encrypted-media; gyroscope; picture-in-picture\" allowfullscreen><\/iframe><\/p>\n<p>&nbsp;<\/p>\n<p>Fue el momento en que los involucrados en la aplicaci\u00f3n de las carreras universitarias en el Departamento Calingasta, firmaron el Convenio de Cooperaci\u00f3n<\/p>\n<p><img loading=\"lazy\" decoding=\"async\" class=\"alignnone wp-image-40994 size-full\" src=\"https:\/\/vocesparalelas.com.ar\/sitio\/wp-content\/uploads\/2021\/08\/UNSJ-CARRERAS-UNIVERSITARIAS-06.jpg\" alt=\"\" width=\"800\" height=\"533\" srcset=\"https:\/\/vocesparalelas.com.ar\/sitio\/wp-content\/uploads\/2021\/08\/UNSJ-CARRERAS-UNIVERSITARIAS-06.jpg 800w, https:\/\/vocesparalelas.com.ar\/sitio\/wp-content\/uploads\/2021\/08\/UNSJ-CARRERAS-UNIVERSITARIAS-06-300x200.jpg 300w, https:\/\/vocesparalelas.com.ar\/sitio\/wp-content\/uploads\/2021\/08\/UNSJ-CARRERAS-UNIVERSITARIAS-06-768x512.jpg 768w\" sizes=\"auto, (max-width: 800px) 100vw, 800px\" \/><\/p>\n<p><img loading=\"lazy\" decoding=\"async\" class=\"alignnone wp-image-40993 size-full\" src=\"https:\/\/vocesparalelas.com.ar\/sitio\/wp-content\/uploads\/2021\/08\/UNSJ-CARRERAS-UNIVERSITARIAS-05.jpg\" alt=\"\" width=\"800\" height=\"533\" srcset=\"https:\/\/vocesparalelas.com.ar\/sitio\/wp-content\/uploads\/2021\/08\/UNSJ-CARRERAS-UNIVERSITARIAS-05.jpg 800w, https:\/\/vocesparalelas.com.ar\/sitio\/wp-content\/uploads\/2021\/08\/UNSJ-CARRERAS-UNIVERSITARIAS-05-300x200.jpg 300w, https:\/\/vocesparalelas.com.ar\/sitio\/wp-content\/uploads\/2021\/08\/UNSJ-CARRERAS-UNIVERSITARIAS-05-768x512.jpg 768w\" sizes=\"auto, (max-width: 800px) 100vw, 800px\" \/><\/p>\n<p><img loading=\"lazy\" decoding=\"async\" class=\"alignnone wp-image-40992 size-full\" src=\"https:\/\/vocesparalelas.com.ar\/sitio\/wp-content\/uploads\/2021\/08\/UNSJ-CARRERAS-UNIVERSITARIAS-04.jpg\" alt=\"\" width=\"800\" height=\"533\" srcset=\"https:\/\/vocesparalelas.com.ar\/sitio\/wp-content\/uploads\/2021\/08\/UNSJ-CARRERAS-UNIVERSITARIAS-04.jpg 800w, https:\/\/vocesparalelas.com.ar\/sitio\/wp-content\/uploads\/2021\/08\/UNSJ-CARRERAS-UNIVERSITARIAS-04-300x200.jpg 300w, https:\/\/vocesparalelas.com.ar\/sitio\/wp-content\/uploads\/2021\/08\/UNSJ-CARRERAS-UNIVERSITARIAS-04-768x512.jpg 768w\" sizes=\"auto, (max-width: 800px) 100vw, 800px\" \/><\/p>\n<p><img loading=\"lazy\" decoding=\"async\" class=\"alignnone wp-image-40991 size-full\" src=\"https:\/\/vocesparalelas.com.ar\/sitio\/wp-content\/uploads\/2021\/08\/UNSJ-CARRERAS-UNIVERSITARIAS-03.jpg\" alt=\"\" width=\"800\" height=\"533\" srcset=\"https:\/\/vocesparalelas.com.ar\/sitio\/wp-content\/uploads\/2021\/08\/UNSJ-CARRERAS-UNIVERSITARIAS-03.jpg 800w, https:\/\/vocesparalelas.com.ar\/sitio\/wp-content\/uploads\/2021\/08\/UNSJ-CARRERAS-UNIVERSITARIAS-03-300x200.jpg 300w, https:\/\/vocesparalelas.com.ar\/sitio\/wp-content\/uploads\/2021\/08\/UNSJ-CARRERAS-UNIVERSITARIAS-03-768x512.jpg 768w\" sizes=\"auto, (max-width: 800px) 100vw, 800px\" \/><\/p>\n<p><img loading=\"lazy\" decoding=\"async\" class=\"alignnone wp-image-40990 size-full\" src=\"https:\/\/vocesparalelas.com.ar\/sitio\/wp-content\/uploads\/2021\/08\/UNSJ-CARRERAS-UNIVERSITARIAS-02.jpg\" alt=\"\" width=\"800\" height=\"533\" srcset=\"https:\/\/vocesparalelas.com.ar\/sitio\/wp-content\/uploads\/2021\/08\/UNSJ-CARRERAS-UNIVERSITARIAS-02.jpg 800w, https:\/\/vocesparalelas.com.ar\/sitio\/wp-content\/uploads\/2021\/08\/UNSJ-CARRERAS-UNIVERSITARIAS-02-300x200.jpg 300w, https:\/\/vocesparalelas.com.ar\/sitio\/wp-content\/uploads\/2021\/08\/UNSJ-CARRERAS-UNIVERSITARIAS-02-768x512.jpg 768w\" sizes=\"auto, (max-width: 800px) 100vw, 800px\" \/><\/p>\n<p>&nbsp;<\/p>\n<p>Finalmente, el gobernador de San Juan, Dr. Sergio U\u00f1ac se refiri\u00f3 a la planificaci\u00f3n y la federalizaci\u00f3n de los sistemas educativos. Consider\u00f3 que \u201cla planificaci\u00f3n se contrapone a la improvisaci\u00f3n\u201d y destac\u00f3 el trabajo realizado por el Consejo Para la Planificaci\u00f3n Estrat\u00e9gica de San Juan (CoPESJ) en la tarea de \u00abinstar a los municipios a trabajar en lo urgente sin dejar de hacerlo en lo importante, estando dentro de estos par\u00e1metros la educaci\u00f3n. \u00abla ampliaci\u00f3n de la oferta educativa llevando carreras universitarias a los municipios es simplificar el acceso a ellas\u201d, y agradeci\u00f3 el trabajo conjunto de la Intendencia de Calingasta, las universidades y el aporte econ\u00f3mico brindado por las empresas mineras\u00bb<\/p>\n<p>&nbsp;<\/p>\n<p><iframe loading=\"lazy\" title=\"CARRERAS UNIVERSITARIAS\" width=\"800\" height=\"450\" src=\"https:\/\/www.youtube.com\/embed\/r-MNEDUMaQI?feature=oembed\" frameborder=\"0\" allow=\"accelerometer; autoplay; clipboard-write; encrypted-media; gyroscope; picture-in-picture\" allowfullscreen><\/iframe><\/p>\n<p>&nbsp;<\/p>\n<p>Acompa\u00f1aron en el evento la vicerrectora Dra. Anal\u00eda Ponce,\u00a0decanos de la UNSJ y de la UCCuyo y representantes de Bodega Entre Tapias, Fundaci\u00f3n Se\u00f1or Gonz\u00e1lez, Fundaci\u00f3n Crecer, concejales de la Municipalidad de Calingasta; y dem\u00e1s asistentes.<\/p>\n<p><img loading=\"lazy\" decoding=\"async\" class=\"alignnone wp-image-40995 size-full\" src=\"https:\/\/vocesparalelas.com.ar\/sitio\/wp-content\/uploads\/2021\/08\/UNSJ-CARRERAS-UNIVERSITARIAS-07.jpg\" alt=\"\" width=\"800\" height=\"533\" srcset=\"https:\/\/vocesparalelas.com.ar\/sitio\/wp-content\/uploads\/2021\/08\/UNSJ-CARRERAS-UNIVERSITARIAS-07.jpg 800w, https:\/\/vocesparalelas.com.ar\/sitio\/wp-content\/uploads\/2021\/08\/UNSJ-CARRERAS-UNIVERSITARIAS-07-300x200.jpg 300w, https:\/\/vocesparalelas.com.ar\/sitio\/wp-content\/uploads\/2021\/08\/UNSJ-CARRERAS-UNIVERSITARIAS-07-768x512.jpg 768w\" sizes=\"auto, (max-width: 800px) 100vw, 800px\" \/><\/p>\n<p><img loading=\"lazy\" decoding=\"async\" class=\"alignnone wp-image-40989 size-full\" src=\"https:\/\/vocesparalelas.com.ar\/sitio\/wp-content\/uploads\/2021\/08\/UNSJ-CARRERAS-UNIVERSITARIAS-01.jpg\" alt=\"\" width=\"800\" height=\"533\" srcset=\"https:\/\/vocesparalelas.com.ar\/sitio\/wp-content\/uploads\/2021\/08\/UNSJ-CARRERAS-UNIVERSITARIAS-01.jpg 800w, https:\/\/vocesparalelas.com.ar\/sitio\/wp-content\/uploads\/2021\/08\/UNSJ-CARRERAS-UNIVERSITARIAS-01-300x200.jpg 300w, https:\/\/vocesparalelas.com.ar\/sitio\/wp-content\/uploads\/2021\/08\/UNSJ-CARRERAS-UNIVERSITARIAS-01-768x512.jpg 768w\" sizes=\"auto, (max-width: 800px) 100vw, 800px\" \/><\/p>\n<p><img loading=\"lazy\" decoding=\"async\" class=\"alignnone wp-image-40998 size-full\" src=\"https:\/\/vocesparalelas.com.ar\/sitio\/wp-content\/uploads\/2021\/08\/UNSJ-CARRERAS-UNIVERSITARIAS-10.jpg\" alt=\"\" width=\"800\" height=\"533\" srcset=\"https:\/\/vocesparalelas.com.ar\/sitio\/wp-content\/uploads\/2021\/08\/UNSJ-CARRERAS-UNIVERSITARIAS-10.jpg 800w, https:\/\/vocesparalelas.com.ar\/sitio\/wp-content\/uploads\/2021\/08\/UNSJ-CARRERAS-UNIVERSITARIAS-10-300x200.jpg 300w, https:\/\/vocesparalelas.com.ar\/sitio\/wp-content\/uploads\/2021\/08\/UNSJ-CARRERAS-UNIVERSITARIAS-10-768x512.jpg 768w\" sizes=\"auto, (max-width: 800px) 100vw, 800px\" \/><\/p>\n<p><img loading=\"lazy\" decoding=\"async\" class=\"alignnone wp-image-40997 size-full\" src=\"https:\/\/vocesparalelas.com.ar\/sitio\/wp-content\/uploads\/2021\/08\/UNSJ-CARRERAS-UNIVERSITARIAS-09.jpg\" alt=\"\" width=\"800\" height=\"533\" srcset=\"https:\/\/vocesparalelas.com.ar\/sitio\/wp-content\/uploads\/2021\/08\/UNSJ-CARRERAS-UNIVERSITARIAS-09.jpg 800w, https:\/\/vocesparalelas.com.ar\/sitio\/wp-content\/uploads\/2021\/08\/UNSJ-CARRERAS-UNIVERSITARIAS-09-300x200.jpg 300w, https:\/\/vocesparalelas.com.ar\/sitio\/wp-content\/uploads\/2021\/08\/UNSJ-CARRERAS-UNIVERSITARIAS-09-768x512.jpg 768w\" sizes=\"auto, (max-width: 800px) 100vw, 800px\" \/><\/p>\n<p>&nbsp;<\/p>\n","protected":false},"excerpt":{"rendered":"<p>La firma de convenio de cooperaci\u00f3n entre el Gobierno de San Juan, la Universidad Nacional de San Juan, la Universidad<\/p>\n","protected":false},"author":3,"featured_media":40996,"comment_status":"closed","ping_status":"closed","sticky":false,"template":"","format":"video","meta":{"_acf_changed":false,"_seopress_robots_primary_cat":"none","_seopress_titles_title":"","_seopress_titles_desc":"","_seopress_robots_index":"","colormag_page_container_layout":"default_layout","colormag_page_sidebar_layout":"default_layout","footnotes":""},"categories":[1,7],"tags":[],"class_list":["post-41012","post","type-post","status-publish","format-video","has-post-thumbnail","hentry","category-destacadas","category-videos","post_format-post-format-video"],"acf":[],"_links":{"self":[{"href":"https:\/\/vocesparalelas.com.ar\/sitio\/wp-json\/wp\/v2\/posts\/41012","targetHints":{"allow":["GET"]}}],"collection":[{"href":"https:\/\/vocesparalelas.com.ar\/sitio\/wp-json\/wp\/v2\/posts"}],"about":[{"href":"https:\/\/vocesparalelas.com.ar\/sitio\/wp-json\/wp\/v2\/types\/post"}],"author":[{"embeddable":true,"href":"https:\/\/vocesparalelas.com.ar\/sitio\/wp-json\/wp\/v2\/users\/3"}],"replies":[{"embeddable":true,"href":"https:\/\/vocesparalelas.com.ar\/sitio\/wp-json\/wp\/v2\/comments?post=41012"}],"version-history":[{"count":1,"href":"https:\/\/vocesparalelas.com.ar\/sitio\/wp-json\/wp\/v2\/posts\/41012\/revisions"}],"predecessor-version":[{"id":41018,"href":"https:\/\/vocesparalelas.com.ar\/sitio\/wp-json\/wp\/v2\/posts\/41012\/revisions\/41018"}],"wp:featuredmedia":[{"embeddable":true,"href":"https:\/\/vocesparalelas.com.ar\/sitio\/wp-json\/wp\/v2\/media\/40996"}],"wp:attachment":[{"href":"https:\/\/vocesparalelas.com.ar\/sitio\/wp-json\/wp\/v2\/media?parent=41012"}],"wp:term":[{"taxonomy":"category","embeddable":true,"href":"https:\/\/vocesparalelas.com.ar\/sitio\/wp-json\/wp\/v2\/categories?post=41012"},{"taxonomy":"post_tag","embeddable":true,"href":"https:\/\/vocesparalelas.com.ar\/sitio\/wp-json\/wp\/v2\/tags?post=41012"}],"curies":[{"name":"wp","href":"https:\/\/api.w.org\/{rel}","templated":true}]}}