{"id":40955,"date":"2021-08-20T22:10:05","date_gmt":"2021-08-21T01:10:05","guid":{"rendered":"https:\/\/vocesparalelas.com.ar\/sitio\/?p=40955"},"modified":"2021-08-23T00:05:16","modified_gmt":"2021-08-23T03:05:16","slug":"programacion-del-espacio-tes-san-juan","status":"publish","type":"post","link":"https:\/\/vocesparalelas.com.ar\/sitio\/programacion-del-espacio-tes-san-juan\/","title":{"rendered":"Programaci\u00f3n del Espacio TeS San Juan"},"content":{"rendered":"<p>El Espacio Teatral T\u00edteres en Serio, Departamento Rivadavia, Provincia de San Juan informa su programaci\u00f3n. Adem\u00e1s, te invita a compartir con aquellas personas que disfrutan del teatro.<\/p>\n<p>&nbsp;<\/p>\n<p><img loading=\"lazy\" decoding=\"async\" class=\"alignnone wp-image-40957 size-full\" src=\"https:\/\/vocesparalelas.com.ar\/sitio\/wp-content\/uploads\/2021\/08\/VOZ-EN-OFF.jpg\" alt=\"\" width=\"800\" height=\"400\" \/><\/p>\n<p><span style=\"color: #339966;\"><strong>VOZ EN OFF<\/strong><\/span><\/p>\n<p>Viernes, 20 de Agosto, a las 22:00 + 1 evento m\u00e1s, en Espacio Teatral T\u00edteres en Serio, Departamento Rivadavia<\/p>\n<p><strong><span style=\"color: #339966;\">Entradas<\/span><\/strong><\/p>\n<p>A partir de $ 350,00<\/p>\n<p><strong><span style=\"color: #339966;\">Sinopsis<\/span><\/strong><\/p>\n<p>A y B son dos personajes del imaginario de un dramaturgo que a\u00fan no tienen el privilegio de poseer un nombre propio. Pareciera que ellos solo tienen \u201cvida\u201d cuando el escritor vuelca su creatividad sobre los renglones de una hoja. Contrariamente a lo que se piensa, ellos son \u201ccasi\u201d humanos y tienen sue\u00f1os como cualquier mortal, con la salvedad que su libertad depende de una sola persona, el autor.<\/p>\n<p><strong><span style=\"color: #339966;\">Ficha T\u00e9cnica<\/span><\/strong><\/p>\n<ul>\n<li>G\u00e9nero teatral: Comedia Rom\u00e1ntica &#8211; \u00bf A qu\u00e9 P\u00fablico esta dirigido ? J\u00f3venes y Adultos<\/li>\n<li>Elenco: \u00abLa Esquina\u00bb<\/li>\n<li>Texto: Eliana Acosta<\/li>\n<li>Actores: Luli Pontoriero &#8211; Fabi\u00e1n Fuentes<\/li>\n<li>Director: Eduardo \u00c1vila<\/li>\n<li>T\u00e9cnico: Leonardo \u00c1vila<\/li>\n<li>Foto: El\u00edas Tapia fotograf\u00edas<\/li>\n<\/ul>\n<hr \/>\n<p><img loading=\"lazy\" decoding=\"async\" class=\"alignnone wp-image-40958 size-full\" src=\"https:\/\/vocesparalelas.com.ar\/sitio\/wp-content\/uploads\/2021\/08\/ETERNA.jpg\" alt=\"\" width=\"800\" height=\"400\" \/><\/p>\n<p><strong><span style=\"color: #339966;\">ETERNA<\/span><\/strong><\/p>\n<p>El S\u00e1bado, 21 de Agosto, a las 21 hs.; en el Espacio Teatral T\u00edteres en Serio, Departamento Rivadavia.<\/p>\n<p><span style=\"color: #339966;\"><strong>Entradas<\/strong><\/span><\/p>\n<p>A partir de $ 350,00<\/p>\n<p><strong><span style=\"color: #339966;\">Sinopsis<\/span><\/strong><\/p>\n<p>Los a\u00f1os no llegan solos. Traen consigo experiencias, dolencias, alegr\u00edas y penas. Ellas lo saben, y festejan, a pesar de todo, a pesar de ellas, festejan. Brindan.<\/p>\n<p>Brinden hoy, ser\u00e1 eterna la juventud&#8230;<\/p>\n<p><strong><span style=\"color: #339966;\">Ficha T\u00e9cnica<\/span><\/strong><\/p>\n<ul>\n<li>G\u00e9nero teatral: COMEDIA DRAM\u00c1TICA \/ J\u00d3VENES Y ADULTOS<\/li>\n<li>Elenco: LA MENTIRA TEATRO<\/li>\n<li>Texto: Pato Lucero.<\/li>\n<li>Act\u00faan: Romina Flores y Gabriela Vargas.<\/li>\n<li>Direcci\u00f3n: Pato Lucero.<\/li>\n<li>Vestuario y escenograf\u00eda: Pablo Sayres.<\/li>\n<li>Montaje: Ariel Bet.<\/li>\n<li>Dise\u00f1o lum\u00ednico: Tachi Saez.<\/li>\n<\/ul>\n<hr \/>\n<p>&nbsp;<\/p>\n<p><img loading=\"lazy\" decoding=\"async\" class=\"alignnone wp-image-40959 size-full\" src=\"https:\/\/vocesparalelas.com.ar\/sitio\/wp-content\/uploads\/2021\/08\/CATEDRA-SUMERGIDA.jpg\" alt=\"\" width=\"800\" height=\"400\" \/><\/p>\n<p><strong><span style=\"color: #339966;\">La Catedral Sumergida<\/span><\/strong><\/p>\n<p>El Domingo, 22 de Agosto, a las 19:30 hs.; en Espacio Teatral T\u00edteres en Serio, Departamento Rivadavia.<\/p>\n<p><strong><span style=\"color: #339966;\">Entradas<\/span><\/strong><\/p>\n<p>A partir de $ 350,00<\/p>\n<p><strong><span style=\"color: #339966;\">Sinopsis<\/span><\/strong><\/p>\n<p>Un tri\u00e1ngulo con v\u00e9rtices complejos y la b\u00fasqueda de desprenderse de lo que en alg\u00fan tiempo nos fue propio.<\/p>\n<p><strong><span style=\"color: #339966;\">Ficha T\u00e9cnica<\/span><\/strong><\/p>\n<ul>\n<li>Comedia Dram\u00e1tica P\u00fablico j\u00f3venes y adultos<\/li>\n<li>Elenco: Nos cortaron verdes<\/li>\n<li>Int\u00e9rpretes: Coyi Aguiar, Mifi Segovia, Pela Rodr\u00edguez.<\/li>\n<li>Dise\u00f1o lum\u00ednico: Fernando Torres<\/li>\n<li>Dise\u00f1o escenogr\u00e1fico: Nos cortaron verdes.<\/li>\n<li>Direcci\u00f3n: Pablo Flores Tuli\u00e1n<\/li>\n<li>Asistente de direcci\u00f3n: Coyi Aguiar<\/li>\n<li>Puesta en escena: Nos cortaron verdes<\/li>\n<li>Asistente t\u00e9cnica: Romina Riera<\/li>\n<\/ul>\n<hr \/>\n<p><img loading=\"lazy\" decoding=\"async\" class=\"alignnone wp-image-40960 size-full\" src=\"https:\/\/vocesparalelas.com.ar\/sitio\/wp-content\/uploads\/2021\/08\/NUEVO-DESTINO.jpg\" alt=\"\" width=\"800\" height=\"400\" \/><\/p>\n<p><strong><span style=\"color: #339966;\">Nuevo destino<\/span><\/strong><\/p>\n<p>El Jueves, 26 de Agosto, a las 21 hs.; en Espacio Teatral T\u00edteres en Serio, Departamento Rivadavia.<\/p>\n<p><strong><span style=\"color: #339966;\">Entradas<\/span><\/strong><\/p>\n<p>A partir de $ 400,00<\/p>\n<p><span style=\"color: #339966;\"><strong>Ficha T\u00e9cnica<\/strong><\/span><\/p>\n<ul>\n<li>Danza urbana ELENCO: New destiny<\/li>\n<li>Autor: Mar\u00eda Sol Laplagne, Federico Frias, Carla Cortez<\/li>\n<li>Musicalizaci\u00f3n: Carla Cortez<\/li>\n<li>Realizaci\u00f3n escenograf\u00eda: Mar\u00eda Sol Laplagne, Federico Frias, Carla Cortez<\/li>\n<li>Vestuario: Andrea Gonz\u00e1lez<\/li>\n<\/ul>\n<hr \/>\n<p><img loading=\"lazy\" decoding=\"async\" class=\"alignnone wp-image-40963 size-full\" src=\"https:\/\/vocesparalelas.com.ar\/sitio\/wp-content\/uploads\/2021\/08\/LA-RAZON-AURA.jpg\" alt=\"\" width=\"800\" height=\"400\" \/><\/p>\n<p><span style=\"color: #339966;\"><strong>La Raz\u00f3n \u00c1urea<\/strong><\/span><\/p>\n<p>El S\u00e1bado 28 de Agosto, a las 21 hs.; en Espacio Teatral T\u00edteres en Serio, Departamento Rivadavia.<\/p>\n<p><strong><span style=\"color: #339966;\">Entradas<\/span><\/strong><\/p>\n<p>A partir de $ 350,00<\/p>\n<p><strong><span style=\"color: #339966;\">Sinopsis<\/span><\/strong><\/p>\n<p>Tres generaciones de una misma familia se encuentran en la muerte. \u00bfCu\u00e1ntos reencores propios y heredados tendremos que purgar para conciliar el sue\u00f1o eterno? Vivxs o muertxs, los traumas no resueltos nos acompa\u00f1an.<\/p>\n<p><span style=\"color: #339966;\">Ficha T\u00e9cnica<\/span><\/p>\n<ul>\n<li>DRAMA \/ + 16 A\u00d1OS<\/li>\n<li>Elenco: Auxocromo teatro<\/li>\n<li>Direcci\u00f3n y puesta en escena: Jennifer Pi\u00f1ero y Jes\u00fas Ojeda<\/li>\n<li>Dramaturgia: Creaci\u00f3n colectiva.<\/li>\n<li>Act\u00faan: Agustina Foolini; Patricia Lucero; Andr\u00e9s Masi.<\/li>\n<li>Dise\u00f1o de Maquillaje: Daniela Mor\u00f3n<\/li>\n<li>Gr\u00e1fica: Aj\u00e1 Dise\u00f1o gr\u00e1fico.<\/li>\n<\/ul>\n<hr \/>\n<p><img loading=\"lazy\" decoding=\"async\" class=\"alignnone wp-image-40964 size-full\" src=\"https:\/\/vocesparalelas.com.ar\/sitio\/wp-content\/uploads\/2021\/08\/CARLA-Y-SU-MINDO-INTERIOR.jpg\" alt=\"\" width=\"800\" height=\"400\" \/><\/p>\n<p><strong><span style=\"color: #339966;\">CARLA y su Mundo Interior&#8230;<\/span><\/strong><\/p>\n<p>El Jueves, 2 de Septiembre, a las 21 hs.; en Espacio Teatral T\u00edteres en Serio, Departamento Rivadavia<\/p>\n<p><strong><span style=\"color: #339966;\">Entradas<\/span><\/strong><\/p>\n<p>A partir de $ 400,00<\/p>\n<p><strong><span style=\"color: #339966;\">Sinopsis<\/span><\/strong><\/p>\n<p>Carla es una adolescente que est\u00e1 atravesando por una enfermedad. Ella se encierra en su mundo, donde sus emociones negativas (Miedo, Ira, Odio) comienzan atormentarla&#8230; y cuando se cree que todo est\u00e1 perdido, surge la ESPERANZA&#8230;<\/p>\n<p>Luego de esa lucha Interior de emociones, acepta que todas son parte de ella, que no puede reprimirlas, pero si dominarlas&#8230;. y que SOLA NO PUEDE AVANZAR!!!!<\/p>\n<p><strong><span style=\"color: #339966;\">Ficha T\u00e9cnica<\/span><\/strong><\/p>\n<p>Danza contempor\u00e1nea, ritmos urbanos y danza \u00c1rabe INSTITUTO DE DANZAS CADISH<\/p>\n<hr \/>\n<p><img loading=\"lazy\" decoding=\"async\" class=\"alignnone wp-image-40965 size-full\" src=\"https:\/\/vocesparalelas.com.ar\/sitio\/wp-content\/uploads\/2021\/08\/HISTORIAS-EN-EL-BANO.png\" alt=\"\" width=\"800\" height=\"400\" \/><\/p>\n<p><strong><span style=\"color: #339966;\">Historias para re\u00edr en el Ba\u00f1o<\/span><\/strong><\/p>\n<p>El Viernes, 3 de Septiembre a las 22 hs.; \u00a0+ 1 evento m\u00e1s y el S\u00e1bado, 4 de Septiembre, a las 22 hs.; en Espacio Teatral T\u00edteres en Serio, Departamento Rivadavia.<\/p>\n<p><strong><span style=\"color: #339966;\">Entradas<\/span><\/strong><\/p>\n<p>A partir de $ 400,00<\/p>\n<p><span style=\"color: #339966;\"><strong>Sinopsis<\/strong><\/span><\/p>\n<p>Es la adaptaci\u00f3n teatral de un libro in\u00e9dito del autor-m\u00fasico-veterinario sanjuanino Alejandro Segovia. All\u00ed rescata y resalta aspectos de la vida cotidiana de San Juan, poblado de reflexiones, relatos, pensamientos, im\u00e1genes sensoriales, ideas locas y cuerdas que transitan escenarios ingeniosos.<\/p>\n<p>En la primera didascalia, de esta adaptaci\u00f3n teatral, aparece la propuesta escenogr\u00e1fica obligada: la creaci\u00f3n de un ba\u00f1o. Y en \u00e9l, un ser humano llamado David acompa\u00f1ado con mu\u00f1ecos, t\u00edteres y m\u00e1scaras recrear\u00e1 en escena la naturaleza de polifac\u00e9ticos personajes que viven historias ins\u00f3litas, ocurrentes y divertidas. Esta propuesta art\u00edstica aborda el humorismo y la comicidad. El primero con su t\u00edpico car\u00e1cter cr\u00edtico, denunciante y transformador y la segunda con un objetivo direccional definido: provocar la risa y el entretenimiento.<\/p>\n<p>El espect\u00e1culo cuenta con el apoyo del Instituto Nacional del Teatro<\/p>\n<p><span style=\"color: #339966;\"><strong>Ficha T\u00e9cnica<\/strong><\/span><\/p>\n<ul>\n<li>Espect\u00e1culo de humor para adultos\/ Elenco: David Gardio<\/li>\n<li>Elenco: David Gardiol<\/li>\n<li>Autora: Irene Ferreyra<\/li>\n<li>Actor y titiritero: David Gardiol<\/li>\n<li>Direcci\u00f3n Art\u00edstica: Irene Ferreyra<\/li>\n<li>Producci\u00f3n ejecutiva: Edita Sigalat<\/li>\n<li>Asistente de direcci\u00f3n: Edita Sigalat<\/li>\n<li>Escenograf\u00eda: Lorena L\u00f3pez<\/li>\n<li>Dise\u00f1o de luces: Tachi Saez<\/li>\n<li>Dise\u00f1o de vestuarios: Jonatan Combo<\/li>\n<li>P\u00fablico adulto<\/li>\n<\/ul>\n<p>&nbsp;<\/p>\n<p>&nbsp;<\/p>\n<p>&nbsp;<\/p>\n","protected":false},"excerpt":{"rendered":"<p>El Espacio Teatral T\u00edteres en Serio, Departamento Rivadavia, Provincia de San Juan informa su programaci\u00f3n. Adem\u00e1s, te invita a compartir<\/p>\n","protected":false},"author":3,"featured_media":20444,"comment_status":"closed","ping_status":"closed","sticky":false,"template":"","format":"standard","meta":{"_acf_changed":false,"_seopress_robots_primary_cat":"none","_seopress_titles_title":"","_seopress_titles_desc":"","_seopress_robots_index":"","colormag_page_container_layout":"default_layout","colormag_page_sidebar_layout":"default_layout","footnotes":""},"categories":[20],"tags":[],"class_list":["post-40955","post","type-post","status-publish","format-standard","has-post-thumbnail","hentry","category-cartelera"],"acf":[],"_links":{"self":[{"href":"https:\/\/vocesparalelas.com.ar\/sitio\/wp-json\/wp\/v2\/posts\/40955","targetHints":{"allow":["GET"]}}],"collection":[{"href":"https:\/\/vocesparalelas.com.ar\/sitio\/wp-json\/wp\/v2\/posts"}],"about":[{"href":"https:\/\/vocesparalelas.com.ar\/sitio\/wp-json\/wp\/v2\/types\/post"}],"author":[{"embeddable":true,"href":"https:\/\/vocesparalelas.com.ar\/sitio\/wp-json\/wp\/v2\/users\/3"}],"replies":[{"embeddable":true,"href":"https:\/\/vocesparalelas.com.ar\/sitio\/wp-json\/wp\/v2\/comments?post=40955"}],"version-history":[{"count":4,"href":"https:\/\/vocesparalelas.com.ar\/sitio\/wp-json\/wp\/v2\/posts\/40955\/revisions"}],"predecessor-version":[{"id":41039,"href":"https:\/\/vocesparalelas.com.ar\/sitio\/wp-json\/wp\/v2\/posts\/40955\/revisions\/41039"}],"wp:featuredmedia":[{"embeddable":true,"href":"https:\/\/vocesparalelas.com.ar\/sitio\/wp-json\/wp\/v2\/media\/20444"}],"wp:attachment":[{"href":"https:\/\/vocesparalelas.com.ar\/sitio\/wp-json\/wp\/v2\/media?parent=40955"}],"wp:term":[{"taxonomy":"category","embeddable":true,"href":"https:\/\/vocesparalelas.com.ar\/sitio\/wp-json\/wp\/v2\/categories?post=40955"},{"taxonomy":"post_tag","embeddable":true,"href":"https:\/\/vocesparalelas.com.ar\/sitio\/wp-json\/wp\/v2\/tags?post=40955"}],"curies":[{"name":"wp","href":"https:\/\/api.w.org\/{rel}","templated":true}]}}