{"id":40952,"date":"2021-08-20T21:22:30","date_gmt":"2021-08-21T00:22:30","guid":{"rendered":"https:\/\/vocesparalelas.com.ar\/sitio\/?p=40952"},"modified":"2021-08-22T22:33:52","modified_gmt":"2021-08-23T01:33:52","slug":"12-100-dosis-de-vacunas-de-astrazeneca-llegaron-a-san-juan","status":"publish","type":"post","link":"https:\/\/vocesparalelas.com.ar\/sitio\/12-100-dosis-de-vacunas-de-astrazeneca-llegaron-a-san-juan\/","title":{"rendered":"12.100 dosis de vacunas de AstraZeneca llegaron a San Juan"},"content":{"rendered":"<p>Como estableci\u00f3 el Ministerio de Salud de la Naci\u00f3n, el Programa Provincial de Inmunizaciones, a cargo de la Lic. Marita Sosa Yang, recibi\u00f3 durante esta jornada 12.100 dosis de la vacuna de AstraZeneca, que fueron desarrolladas por la Universidad de Oxford y el Laboratorio AstraZeneca, y producidas en Argentina.<\/p>\n<p>El objetivo es avanzar en el Plan Provincial de Vacunaci\u00f3n. En este marco, la provincia ya recibi\u00f3, seg\u00fan el monitor p\u00fablico de vacunaci\u00f3n, 734.460 vacunas. Esto, con el objetivo de afianzar los centros de vacunaci\u00f3n que funcionar\u00e1n durante todo el fin de semana.<\/p>\n","protected":false},"excerpt":{"rendered":"<p>Como estableci\u00f3 el Ministerio de Salud de la Naci\u00f3n, el Programa Provincial de Inmunizaciones, a cargo de la Lic. Marita<\/p>\n","protected":false},"author":3,"featured_media":38046,"comment_status":"closed","ping_status":"closed","sticky":false,"template":"","format":"standard","meta":{"_acf_changed":false,"_seopress_robots_primary_cat":"none","_seopress_titles_title":"","_seopress_titles_desc":"","_seopress_robots_index":"","colormag_page_container_layout":"default_layout","colormag_page_sidebar_layout":"default_layout","footnotes":""},"categories":[6],"tags":[],"class_list":["post-40952","post","type-post","status-publish","format-standard","has-post-thumbnail","hentry","category-eventos"],"acf":[],"_links":{"self":[{"href":"https:\/\/vocesparalelas.com.ar\/sitio\/wp-json\/wp\/v2\/posts\/40952","targetHints":{"allow":["GET"]}}],"collection":[{"href":"https:\/\/vocesparalelas.com.ar\/sitio\/wp-json\/wp\/v2\/posts"}],"about":[{"href":"https:\/\/vocesparalelas.com.ar\/sitio\/wp-json\/wp\/v2\/types\/post"}],"author":[{"embeddable":true,"href":"https:\/\/vocesparalelas.com.ar\/sitio\/wp-json\/wp\/v2\/users\/3"}],"replies":[{"embeddable":true,"href":"https:\/\/vocesparalelas.com.ar\/sitio\/wp-json\/wp\/v2\/comments?post=40952"}],"version-history":[{"count":1,"href":"https:\/\/vocesparalelas.com.ar\/sitio\/wp-json\/wp\/v2\/posts\/40952\/revisions"}],"predecessor-version":[{"id":40954,"href":"https:\/\/vocesparalelas.com.ar\/sitio\/wp-json\/wp\/v2\/posts\/40952\/revisions\/40954"}],"wp:featuredmedia":[{"embeddable":true,"href":"https:\/\/vocesparalelas.com.ar\/sitio\/wp-json\/wp\/v2\/media\/38046"}],"wp:attachment":[{"href":"https:\/\/vocesparalelas.com.ar\/sitio\/wp-json\/wp\/v2\/media?parent=40952"}],"wp:term":[{"taxonomy":"category","embeddable":true,"href":"https:\/\/vocesparalelas.com.ar\/sitio\/wp-json\/wp\/v2\/categories?post=40952"},{"taxonomy":"post_tag","embeddable":true,"href":"https:\/\/vocesparalelas.com.ar\/sitio\/wp-json\/wp\/v2\/tags?post=40952"}],"curies":[{"name":"wp","href":"https:\/\/api.w.org\/{rel}","templated":true}]}}