{"id":40947,"date":"2021-08-20T21:17:51","date_gmt":"2021-08-21T00:17:51","guid":{"rendered":"https:\/\/vocesparalelas.com.ar\/sitio\/?p=40947"},"modified":"2021-08-23T00:01:38","modified_gmt":"2021-08-23T03:01:38","slug":"pago-de-designaciones-adeudadas-desde-marzo-a-junio-a-los-docentes","status":"publish","type":"post","link":"https:\/\/vocesparalelas.com.ar\/sitio\/pago-de-designaciones-adeudadas-desde-marzo-a-junio-a-los-docentes\/","title":{"rendered":"Pago de designaciones adeudadas desde Marzo a Junio a los docentes"},"content":{"rendered":"<p>El Ministerio de Educaci\u00f3n del Gobierno de San Juan informa a los educadores que el S\u00e1bado, 21 de Agosto, est\u00e1 acreditado en cajeros autom\u00e1ticos del Banco San Juan, a las designaciones adeudadas desde Marzo a Junio 2021, liquidadas por planilla complementaria.<\/p>\n","protected":false},"excerpt":{"rendered":"<p>El Ministerio de Educaci\u00f3n del Gobierno de San Juan informa a los educadores que el S\u00e1bado, 21 de Agosto, est\u00e1<\/p>\n","protected":false},"author":3,"featured_media":5039,"comment_status":"closed","ping_status":"closed","sticky":false,"template":"","format":"standard","meta":{"_acf_changed":false,"_seopress_robots_primary_cat":"none","_seopress_titles_title":"","_seopress_titles_desc":"","_seopress_robots_index":"","colormag_page_container_layout":"default_layout","colormag_page_sidebar_layout":"default_layout","footnotes":""},"categories":[5],"tags":[],"class_list":["post-40947","post","type-post","status-publish","format-standard","has-post-thumbnail","hentry","category-ofrecimientos"],"acf":[],"_links":{"self":[{"href":"https:\/\/vocesparalelas.com.ar\/sitio\/wp-json\/wp\/v2\/posts\/40947","targetHints":{"allow":["GET"]}}],"collection":[{"href":"https:\/\/vocesparalelas.com.ar\/sitio\/wp-json\/wp\/v2\/posts"}],"about":[{"href":"https:\/\/vocesparalelas.com.ar\/sitio\/wp-json\/wp\/v2\/types\/post"}],"author":[{"embeddable":true,"href":"https:\/\/vocesparalelas.com.ar\/sitio\/wp-json\/wp\/v2\/users\/3"}],"replies":[{"embeddable":true,"href":"https:\/\/vocesparalelas.com.ar\/sitio\/wp-json\/wp\/v2\/comments?post=40947"}],"version-history":[{"count":3,"href":"https:\/\/vocesparalelas.com.ar\/sitio\/wp-json\/wp\/v2\/posts\/40947\/revisions"}],"predecessor-version":[{"id":40951,"href":"https:\/\/vocesparalelas.com.ar\/sitio\/wp-json\/wp\/v2\/posts\/40947\/revisions\/40951"}],"wp:featuredmedia":[{"embeddable":true,"href":"https:\/\/vocesparalelas.com.ar\/sitio\/wp-json\/wp\/v2\/media\/5039"}],"wp:attachment":[{"href":"https:\/\/vocesparalelas.com.ar\/sitio\/wp-json\/wp\/v2\/media?parent=40947"}],"wp:term":[{"taxonomy":"category","embeddable":true,"href":"https:\/\/vocesparalelas.com.ar\/sitio\/wp-json\/wp\/v2\/categories?post=40947"},{"taxonomy":"post_tag","embeddable":true,"href":"https:\/\/vocesparalelas.com.ar\/sitio\/wp-json\/wp\/v2\/tags?post=40947"}],"curies":[{"name":"wp","href":"https:\/\/api.w.org\/{rel}","templated":true}]}}